                       {"id":12138,"date":"2019-12-17T16:13:21","date_gmt":"2019-12-17T22:13:21","guid":{"rendered":"http:\/\/laultimapalabra.info\/?p=12138"},"modified":"2024-12-11T10:00:46","modified_gmt":"2024-12-11T16:00:46","slug":"llega-el-mercado-social-a-portal-de-san-roque","status":"publish","type":"post","link":"https:\/\/laultimapalabra.com.mx\/portal\/llega-el-mercado-social-a-portal-de-san-roque\/","title":{"rendered":"Llega el Mercado Social a Portal de San Roque"},"content":{"rendered":"<p style=\"text-align: justify;\">\u00a0<img loading=\"lazy\" decoding=\"async\" class=\"size-medium wp-image-12141 alignleft\" src=\"https:\/\/laultimapalabra.com.mx\/portal\/wp-content\/uploads\/2019\/12\/WhatsApp-Image-2019-12-17-at-12.44.02-PM-300x169.jpeg\" alt=\"\" width=\"300\" height=\"169\" \/>Ju\u00e1rez, N. L.- De nueva cuenta, la administraci\u00f3n municipal encabezada por Heriberto Trevi\u00f1o Cant\u00fa acerc\u00f3 a la ciudadan\u00eda el Mercado Social, el cual se llev\u00f3 a cabo en la calle Pablo Livas entre las calles Azucena y Crisantemo de la colonia Portal de San Roque, donde los ciudadanos pudieron adquirir frutas y verduras a excelentes precios y con una calidad excepcional.<\/p>\n","protected":false},"excerpt":{"rendered":"<p>\u00a0Ju\u00e1rez, N. L.- De nueva cuenta, la administraci\u00f3n municipal encabezada por Heriberto Trevi\u00f1o Cant\u00fa acerc\u00f3 a la ciudadan\u00eda el Mercado Social, el cual se llev\u00f3 a cabo en la calle Pablo Livas entre las calles Azucena y Crisantemo de la colonia Portal de San Roque, donde los ciudadanos pudieron adquirir frutas y verduras a excelentes [&hellip;]<\/p>\n","protected":false},"author":9,"featured_media":12140,"comment_status":"open","ping_status":"closed","sticky":false,"template":"","format":"standard","meta":{"footnotes":""},"categories":[18],"tags":[24,1537],"class_list":["post-12138","post","type-post","status-publish","format-standard","has-post-thumbnail","hentry","category-locales-juarez","tag-24","tag-mercado-social-juarez"],"_links":{"self":[{"href":"https:\/\/laultimapalabra.com.mx\/portal\/wp-json\/wp\/v2\/posts\/12138","targetHints":{"allow":["GET"]}}],"collection":[{"href":"https:\/\/laultimapalabra.com.mx\/portal\/wp-json\/wp\/v2\/posts"}],"about":[{"href":"https:\/\/laultimapalabra.com.mx\/portal\/wp-json\/wp\/v2\/types\/post"}],"author":[{"embeddable":true,"href":"https:\/\/laultimapalabra.com.mx\/portal\/wp-json\/wp\/v2\/users\/9"}],"replies":[{"embeddable":true,"href":"https:\/\/laultimapalabra.com.mx\/portal\/wp-json\/wp\/v2\/comments?post=12138"}],"version-history":[{"count":1,"href":"https:\/\/laultimapalabra.com.mx\/portal\/wp-json\/wp\/v2\/posts\/12138\/revisions"}],"predecessor-version":[{"id":69399,"href":"https:\/\/laultimapalabra.com.mx\/portal\/wp-json\/wp\/v2\/posts\/12138\/revisions\/69399"}],"wp:featuredmedia":[{"embeddable":true,"href":"https:\/\/laultimapalabra.com.mx\/portal\/wp-json\/"}],"wp:attachment":[{"href":"https:\/\/laultimapalabra.com.mx\/portal\/wp-json\/wp\/v2\/media?parent=12138"}],"wp:term":[{"taxonomy":"category","embeddable":true,"href":"https:\/\/laultimapalabra.com.mx\/portal\/wp-json\/wp\/v2\/categories?post=12138"},{"taxonomy":"post_tag","embeddable":true,"href":"https:\/\/laultimapalabra.com.mx\/portal\/wp-json\/wp\/v2\/tags?post=12138"}],"curies":[{"name":"wp","href":"https:\/\/api.w.org\/{rel}","templated":true}]}}