                       {"id":12149,"date":"2019-12-18T15:05:37","date_gmt":"2019-12-18T21:05:37","guid":{"rendered":"http:\/\/laultimapalabra.info\/?p=12149"},"modified":"2024-12-11T10:00:46","modified_gmt":"2024-12-11T16:00:46","slug":"lopez-obrador-rechaza-iniciativa-para-acabar-con-el-estado-laico","status":"publish","type":"post","link":"https:\/\/laultimapalabra.com.mx\/portal\/lopez-obrador-rechaza-iniciativa-para-acabar-con-el-estado-laico\/","title":{"rendered":"L\u00f3pez Obrador rechaza iniciativa para acabar con el Estado Laico"},"content":{"rendered":"<p style=\"text-align: justify;\">Dice que ese tema no debe tocarse, pero que senadora de Morena tiene derecho a presentar propuesta<\/p>\n<p style=\"text-align: justify;\"><img loading=\"lazy\" decoding=\"async\" class=\"size-medium wp-image-12150 alignright\" src=\"https:\/\/laultimapalabra.com.mx\/portal\/wp-content\/uploads\/2019\/12\/amlo-18dic4-300x184.jpg\" alt=\"\" width=\"300\" height=\"184\" \/>El Presidente Andr\u00e9s Manuel L\u00f3pez Obrador rechaz\u00f3 que desde Presidencia se impulse la iniciativa de Morena en el Senado para eliminar principio de separaci\u00f3n de Estado-Iglesia en la Ley de Asociaciones Religiosas y Culto P\u00fablico, por lo que consider\u00f3 que no se debe entrar en ese terreno porque m\u00e1s que ayudar puede generar confrontaci\u00f3n sobre el Estado Laico.<br \/>\n&#8220;Desde Presidencia no est\u00e1 contemplada esa iniciativa&#8221;, dijo a pregunta expresa en su conferencia de prensa ma\u00f1anera en Palacio Nacional en Ciudad de M\u00e9xico.<br \/>\nL\u00f3pez Obrador consider\u00f3 que el tema de la separaci\u00f3n del Estado y la Iglesia ya est\u00e1 resuelto desde hace m\u00e1s de siglo y medio.<br \/>\n&#8220;A Dios lo que es de Dios y al C\u00e9sar lo que es del C\u00e9sar. No considero que al modificar este principio ayude, al contrario, ya en su momento hubo confrontaci\u00f3n y eso motiv\u00f3 hasta una invasi\u00f3n extranjera, entonces, no nos metamos en ese terreno, en ese campo; todo mundo, la mayor\u00eda de los mexicanos est\u00e1n de acuerdo en que prevalezca el Estado laico, lo que establece la Constituci\u00f3n&#8221;, dijo.<br \/>\nEl Mandatario se\u00f1al\u00f3 que la iniciativa de la senadora Soledad Lu\u00e9vano Cant\u00fa (Morena) fue presentada a t\u00edtulo personal, porque es un derecho que tienen los legisladores, ese es su trabajo.<br \/>\n&#8220;Es apenas un proyecto, en lo que a m\u00ed corresponde considero que ese tema no debe tocarse, lo digo tambi\u00e9n con mucho respeto a la senadora que tiene todo su derecho y pertenece a un poder aut\u00f3nomo e independiente&#8221;.<br \/>\nEl titular del Ejecutivo record\u00f3 que el Estado Laico significa garantizar la libertad religiosa, porque a veces se piensa que el Estado Laico es un principio antirreligioso.<br \/>\n&#8220;No es garantizar las libertades de creyentes y no creyentes, nada m\u00e1s no relacionar los asuntos de las Iglesias con lo que corresponde al Estado. Somos libres que se polemice todo lo que sea, pero que se piense bien que no debemos auspiciar nada que signifique confrontaci\u00f3n&#8221;, reiter\u00f3.<\/p>\n<p style=\"text-align: justify;\">FUENTE: INFORMADOR MX<\/p>\n","protected":false},"excerpt":{"rendered":"<p>Dice que ese tema no debe tocarse, pero que senadora de Morena tiene derecho a presentar propuesta El Presidente Andr\u00e9s Manuel L\u00f3pez Obrador rechaz\u00f3 que desde Presidencia se impulse la iniciativa de Morena en el Senado para eliminar principio de separaci\u00f3n de Estado-Iglesia en la Ley de Asociaciones Religiosas y Culto P\u00fablico, por lo que [&hellip;]<\/p>\n","protected":false},"author":9,"featured_media":12150,"comment_status":"open","ping_status":"closed","sticky":false,"template":"","format":"standard","meta":{"footnotes":""},"categories":[19],"tags":[124,1009],"class_list":["post-12149","post","type-post","status-publish","format-standard","has-post-thumbnail","hentry","category-nacional","tag-amlo","tag-estado-laico"],"_links":{"self":[{"href":"https:\/\/laultimapalabra.com.mx\/portal\/wp-json\/wp\/v2\/posts\/12149","targetHints":{"allow":["GET"]}}],"collection":[{"href":"https:\/\/laultimapalabra.com.mx\/portal\/wp-json\/wp\/v2\/posts"}],"about":[{"href":"https:\/\/laultimapalabra.com.mx\/portal\/wp-json\/wp\/v2\/types\/post"}],"author":[{"embeddable":true,"href":"https:\/\/laultimapalabra.com.mx\/portal\/wp-json\/wp\/v2\/users\/9"}],"replies":[{"embeddable":true,"href":"https:\/\/laultimapalabra.com.mx\/portal\/wp-json\/wp\/v2\/comments?post=12149"}],"version-history":[{"count":1,"href":"https:\/\/laultimapalabra.com.mx\/portal\/wp-json\/wp\/v2\/posts\/12149\/revisions"}],"predecessor-version":[{"id":69405,"href":"https:\/\/laultimapalabra.com.mx\/portal\/wp-json\/wp\/v2\/posts\/12149\/revisions\/69405"}],"wp:featuredmedia":[{"embeddable":true,"href":"https:\/\/laultimapalabra.com.mx\/portal\/wp-json\/"}],"wp:attachment":[{"href":"https:\/\/laultimapalabra.com.mx\/portal\/wp-json\/wp\/v2\/media?parent=12149"}],"wp:term":[{"taxonomy":"category","embeddable":true,"href":"https:\/\/laultimapalabra.com.mx\/portal\/wp-json\/wp\/v2\/categories?post=12149"},{"taxonomy":"post_tag","embeddable":true,"href":"https:\/\/laultimapalabra.com.mx\/portal\/wp-json\/wp\/v2\/tags?post=12149"}],"curies":[{"name":"wp","href":"https:\/\/api.w.org\/{rel}","templated":true}]}}