                       {"id":12200,"date":"2019-12-19T16:26:12","date_gmt":"2019-12-19T22:26:12","guid":{"rendered":"http:\/\/laultimapalabra.info\/?p=12200"},"modified":"2024-12-11T10:00:46","modified_gmt":"2024-12-11T16:00:46","slug":"indagan-desvios-a-garcia-luna-en-sexenio-de-epn","status":"publish","type":"post","link":"https:\/\/laultimapalabra.com.mx\/portal\/indagan-desvios-a-garcia-luna-en-sexenio-de-epn\/","title":{"rendered":"Indagan desv\u00edos a Garc\u00eda Luna en sexenio de EPN"},"content":{"rendered":"<p style=\"text-align: justify;\"><img loading=\"lazy\" decoding=\"async\" class=\"size-medium wp-image-12201 alignleft\" src=\"https:\/\/laultimapalabra.com.mx\/portal\/wp-content\/uploads\/2019\/12\/8531851-300x200.jpg\" alt=\"\" width=\"300\" height=\"200\" \/>La Unidad de Inteligencia Financiera (UIF) investiga la triangulaci\u00f3n de recursos del Gobierno federal a empresas ligadas al ex Secretario de Seguridad P\u00fablica, Genaro Garc\u00eda Luna, tambi\u00e9n en el sexenio de Enrique Pe\u00f1a Nieto, indic\u00f3 Santiago Nieto, titular de la Unidad.<br \/>\nInform\u00f3 que las investigaciones se extendieron a m\u00e1s dependencias de Gobierno, no s\u00f3lo a la Secretar\u00eda de Gobernaci\u00f3n.<br \/>\n&#8220;Estamos en un proceso de integraci\u00f3n de toda la investigaci\u00f3n para poder presentar la denuncia ante la Fiscal\u00eda General de la Rep\u00fablica&#8221;, coment\u00f3 al salir de una reuni\u00f3n de evaluaci\u00f3n con el Gabinete de Andr\u00e9s Manuel L\u00f3pez Obrador.<br \/>\n&#8220;No puedo dar datos en virtud del deber de sigilo de las carpetas de investigaci\u00f3n, adem\u00e1s de que eso es el compromiso que asum\u00ed ayer con el Fiscal, pero evidentemente digamos que s\u00ed hay operaciones financieras y transacciones irregulares relacionadas con el se\u00f1or Garc\u00eda Luna durante los dos sexenios en Gobernaci\u00f3n y en varios espacios, no solamente en Gobernaci\u00f3n&#8221;.<br \/>\nRecalc\u00f3 que M\u00e9xico tambi\u00e9n investigar\u00e1 a Garc\u00eda Luna y presentar\u00e1 la denuncia correspondiente.<br \/>\nRechaz\u00f3 dar el n\u00famero de empresas involucradas en la red debido a la investigaci\u00f3n que se realiza.<\/p>\n<p style=\"text-align: justify;\">FUENTE:EL NORTE<\/p>\n","protected":false},"excerpt":{"rendered":"<p>La Unidad de Inteligencia Financiera (UIF) investiga la triangulaci\u00f3n de recursos del Gobierno federal a empresas ligadas al ex Secretario de Seguridad P\u00fablica, Genaro Garc\u00eda Luna, tambi\u00e9n en el sexenio de Enrique Pe\u00f1a Nieto, indic\u00f3 Santiago Nieto, titular de la Unidad. Inform\u00f3 que las investigaciones se extendieron a m\u00e1s dependencias de Gobierno, no s\u00f3lo a [&hellip;]<\/p>\n","protected":false},"author":9,"featured_media":12201,"comment_status":"open","ping_status":"closed","sticky":false,"template":"","format":"standard","meta":{"footnotes":""},"categories":[19],"tags":[974,1141],"class_list":["post-12200","post","type-post","status-publish","format-standard","has-post-thumbnail","hentry","category-nacional","tag-enrique-pena-nieto","tag-genaro-garcia-luna"],"_links":{"self":[{"href":"https:\/\/laultimapalabra.com.mx\/portal\/wp-json\/wp\/v2\/posts\/12200","targetHints":{"allow":["GET"]}}],"collection":[{"href":"https:\/\/laultimapalabra.com.mx\/portal\/wp-json\/wp\/v2\/posts"}],"about":[{"href":"https:\/\/laultimapalabra.com.mx\/portal\/wp-json\/wp\/v2\/types\/post"}],"author":[{"embeddable":true,"href":"https:\/\/laultimapalabra.com.mx\/portal\/wp-json\/wp\/v2\/users\/9"}],"replies":[{"embeddable":true,"href":"https:\/\/laultimapalabra.com.mx\/portal\/wp-json\/wp\/v2\/comments?post=12200"}],"version-history":[{"count":1,"href":"https:\/\/laultimapalabra.com.mx\/portal\/wp-json\/wp\/v2\/posts\/12200\/revisions"}],"predecessor-version":[{"id":69427,"href":"https:\/\/laultimapalabra.com.mx\/portal\/wp-json\/wp\/v2\/posts\/12200\/revisions\/69427"}],"wp:featuredmedia":[{"embeddable":true,"href":"https:\/\/laultimapalabra.com.mx\/portal\/wp-json\/"}],"wp:attachment":[{"href":"https:\/\/laultimapalabra.com.mx\/portal\/wp-json\/wp\/v2\/media?parent=12200"}],"wp:term":[{"taxonomy":"category","embeddable":true,"href":"https:\/\/laultimapalabra.com.mx\/portal\/wp-json\/wp\/v2\/categories?post=12200"},{"taxonomy":"post_tag","embeddable":true,"href":"https:\/\/laultimapalabra.com.mx\/portal\/wp-json\/wp\/v2\/tags?post=12200"}],"curies":[{"name":"wp","href":"https:\/\/api.w.org\/{rel}","templated":true}]}}