                       {"id":12255,"date":"2020-01-06T15:33:19","date_gmt":"2020-01-06T21:33:19","guid":{"rendered":"http:\/\/laultimapalabra.info\/?p=12255"},"modified":"2024-12-11T10:00:47","modified_gmt":"2024-12-11T16:00:47","slug":"realiza-pc-y-bomberos-de-juarez-operativo-antipirotecnia","status":"publish","type":"post","link":"https:\/\/laultimapalabra.com.mx\/portal\/realiza-pc-y-bomberos-de-juarez-operativo-antipirotecnia\/","title":{"rendered":"Realiza PC y Bomberos de Ju\u00e1rez operativo antipirotecnia"},"content":{"rendered":"<p style=\"text-align: justify;\"><img loading=\"lazy\" decoding=\"async\" class=\"size-medium wp-image-12256 alignleft\" src=\"https:\/\/laultimapalabra.com.mx\/portal\/wp-content\/uploads\/2020\/01\/WhatsApp-Image-2020-01-06-at-1.49.46-PM-300x225.jpeg\" alt=\"\" width=\"300\" height=\"225\" \/> <img loading=\"lazy\" decoding=\"async\" class=\"size-medium wp-image-12258 alignleft\" src=\"https:\/\/laultimapalabra.com.mx\/portal\/wp-content\/uploads\/2020\/01\/WhatsApp-Image-2020-01-06-at-1.50.00-PM-300x225.jpeg\" alt=\"\" width=\"300\" height=\"225\" \/>Ju\u00e1rez, N. L.- Con el objetivo de evitar tragedias en los entornos familiares en los pasados d\u00edas de fiesta por los festejos decembrinos, la Direcci\u00f3n de Protecci\u00f3n Civil y Bomberos de este municipio a cargo del licenciado Francisco Moyar realizaron diversos operativos anti pirotecnia en colonias como Monte Kristal, Los Cometas, Santa M\u00f3nica y la Zona Centro de la ciudad, donde se realizaba venta ilegal de este material sobre todo en casas habitaci\u00f3n y tiendas sin permiso para ello.<br \/>\nSe logr\u00f3 el decomiso de una considerable cantidad de mercanc\u00eda, esto y aun cuando se ten\u00eda prohibida su comercializaci\u00f3n, present\u00e1ndose a pesar de todas estas medidas el accidente de un beb\u00e9 lesionado por un \u201ccuete\u201d el mes pasado en la colonia Real de San Jos\u00e9.<\/p>\n","protected":false},"excerpt":{"rendered":"<p>Ju\u00e1rez, N. L.- Con el objetivo de evitar tragedias en los entornos familiares en los pasados d\u00edas de fiesta por los festejos decembrinos, la Direcci\u00f3n de Protecci\u00f3n Civil y Bomberos de este municipio a cargo del licenciado Francisco Moyar realizaron diversos operativos anti pirotecnia en colonias como Monte Kristal, Los Cometas, Santa M\u00f3nica y la [&hellip;]<\/p>\n","protected":false},"author":9,"featured_media":12257,"comment_status":"open","ping_status":"closed","sticky":false,"template":"","format":"standard","meta":{"footnotes":""},"categories":[18,8,10],"tags":[1102,1663,1749],"class_list":["post-12255","post","type-post","status-publish","format-standard","has-post-thumbnail","hentry","category-locales-juarez","category-seguridad","category-seguridad-juarez","tag-francisco-moyar","tag-operativo-antipirotecnia-juarez","tag-pc-juarez"],"_links":{"self":[{"href":"https:\/\/laultimapalabra.com.mx\/portal\/wp-json\/wp\/v2\/posts\/12255","targetHints":{"allow":["GET"]}}],"collection":[{"href":"https:\/\/laultimapalabra.com.mx\/portal\/wp-json\/wp\/v2\/posts"}],"about":[{"href":"https:\/\/laultimapalabra.com.mx\/portal\/wp-json\/wp\/v2\/types\/post"}],"author":[{"embeddable":true,"href":"https:\/\/laultimapalabra.com.mx\/portal\/wp-json\/wp\/v2\/users\/9"}],"replies":[{"embeddable":true,"href":"https:\/\/laultimapalabra.com.mx\/portal\/wp-json\/wp\/v2\/comments?post=12255"}],"version-history":[{"count":1,"href":"https:\/\/laultimapalabra.com.mx\/portal\/wp-json\/wp\/v2\/posts\/12255\/revisions"}],"predecessor-version":[{"id":69457,"href":"https:\/\/laultimapalabra.com.mx\/portal\/wp-json\/wp\/v2\/posts\/12255\/revisions\/69457"}],"wp:featuredmedia":[{"embeddable":true,"href":"https:\/\/laultimapalabra.com.mx\/portal\/wp-json\/"}],"wp:attachment":[{"href":"https:\/\/laultimapalabra.com.mx\/portal\/wp-json\/wp\/v2\/media?parent=12255"}],"wp:term":[{"taxonomy":"category","embeddable":true,"href":"https:\/\/laultimapalabra.com.mx\/portal\/wp-json\/wp\/v2\/categories?post=12255"},{"taxonomy":"post_tag","embeddable":true,"href":"https:\/\/laultimapalabra.com.mx\/portal\/wp-json\/wp\/v2\/tags?post=12255"}],"curies":[{"name":"wp","href":"https:\/\/api.w.org\/{rel}","templated":true}]}}