                       {"id":123,"date":"2018-02-01T22:32:19","date_gmt":"2018-02-01T22:32:19","guid":{"rendered":"http:\/\/laultimapalabra.info\/?p=123"},"modified":"2024-12-11T08:36:53","modified_gmt":"2024-12-11T14:36:53","slug":"se-apunta-rica-por-el-pan","status":"publish","type":"post","link":"https:\/\/laultimapalabra.com.mx\/portal\/se-apunta-rica-por-el-pan\/","title":{"rendered":"Se apunta Rica por el PAN"},"content":{"rendered":"<p style=\"text-align: justify;\"><img loading=\"lazy\" decoding=\"async\" class=\"size-medium wp-image-190 alignleft\" src=\"https:\/\/laultimapalabra.com.mx\/portal\/wp-content\/uploads\/2018\/02\/A-INTERIOR-300x225.jpg\" alt=\"\" width=\"300\" height=\"225\" \/>El empresario panadero, hermano de Edelmiro Cant\u00fa Sada, se registra como precandidato por la alcald\u00eda de Cadereyta.<\/p>\n<p style=\"text-align: justify;\">Miguel Oscar P\u00e9rez<br \/>\nCADEREYTA JIM\u00c9NEZ, N.L.-El empresario Ricardo Cant\u00fa Sada, de 58 a\u00f1os levanta la mano por el PAN y se apunta para el pr\u00f3ximo proceso electoral buscando la alcald\u00eda de Cadereyta, Jim\u00e9nez, Nuevo Le\u00f3n.<br \/>\nPanista registrado como militante desde 1996, pero seguidor desde toda la vida, el comerciante en el ramo panadero y pastelero, menciona que lleva 11 campa\u00f1as pol\u00edticas en el PAN, iniciando con la de su padre, en el a\u00f1o 1988, a\u00f1os antes que se inscribiera como militante.<br \/>\nCant\u00fa Sada, acompa\u00f1ado de un grupo de algunas 250 personas, se registr\u00f3 como aspirante en el PAN por la alcald\u00eda de Cadereyta el s\u00e1bado 27 del actual a las 5:00 de la tarde en el edificio del PAN estatal y va como \u00fanico precandidato que lo convierte en el virtual candidato oficial que buscar\u00e1 la permanencia de su partido en la Presidencia Municipal.<br \/>\nDijo que en el hipot\u00e9tico caso de llegar a presidir Cadereyta, buscar\u00e1 un gobierno incluyente y buscar\u00e1 los mejores perfiles.<br \/>\n\u201cEstamos en uni\u00f3n, hubo muy buena respuesta la vieja guardia y la nueva y todos estamos en el mismo canal\u201d, se\u00f1al\u00f3 el ahora precandidato del PAN a la alcald\u00eda.<br \/>\n\u00bfSe identifica con alguno de los grupos o de los clanes?<br \/>\n\u201cMe identifico con todos los panistas y no percibo alg\u00fan grupo o clan; percibo un PAN fuerte y con rumbo en donde todos est\u00e1n incluidos en este proyecto, en este sue\u00f1o. Dondequiera me han aceptado porque soy una persona sencilla y humilde\u201d, mencion\u00f3.<br \/>\nAvizor\u00f3 una contienda dif\u00edcil donde nadie debe minimizar a ning\u00fan contrincante quien quiera que sea, pero mencion\u00f3 que no hay imposibles y la intenci\u00f3n es hacer un trabajo bien para esta ciudad.<br \/>\nDijo que para esa dif\u00edcil empresa cuenta con todo el apoyo de la familia y fue en base a ese apoyo fue como tom\u00f3 la decisi\u00f3n de buscar el m\u00e1ximo honor en esta ciudad que es el de gobernar su ciudad.<br \/>\nAl ser cuestionado si la intenci\u00f3n de participar fue por decisi\u00f3n propia o convencido por sus amigos y compa\u00f1eros de partido, dijo que fue un conjunto de ambos, ya que fue apoyado por empresarios, amigos y familiares que ya sab\u00edan que buscaba participar.<br \/>\n\u201cNo fue una decisi\u00f3n solo m\u00eda, sabes que uno solo no llega a ning\u00fan lado, sino que fui apoyado por profesionistas, empresarios y gente del pueblo que simpatiza con mi proyecto\u201d, expres\u00f3.<br \/>\n\u00bfCu\u00e1l de las virtudes de su hermano las podr\u00eda aplicar aqu\u00ed en Cadereyta, qu\u00e9 le aprendi\u00f3?<br \/>\n\u201cMi hermano me ense\u00f1\u00f3 lo que mis padres me inculcaron siempre, valores, principios, y el bien com\u00fan y en el caso de \u00e9l como la aplic\u00f3 los hechos lo demuestran por si solos, fue con trabajo, con honradez y con el recurso que le llegaba al municipio, adecuadamente y bien invertido y puesto en el trabajo, pues hace rendir y hace fruto y la ciudadan\u00eda va a disfrutar y mejorar su condici\u00f3n, esa es la manera en que \u00e9l me ense\u00f1\u00f3 a trabajar\u201d, mencion\u00f3.<br \/>\n\u201cNosotros somos un equipo, estamos trabajando con la misma corriente si Dios nos da la oportunidad estar por all\u00ed de seguir la misma l\u00ednea todos y a trabajar e imposiciones claro que no, vamos a buscar los mejores perfiles para salir adelante\u201d, mencion\u00f3 al ser cuestionado si iba a permitir imposiciones en su administraci\u00f3n, en caso de llegar.<br \/>\n\u00bfCu\u00e1l es el problema que usted vislumbra m\u00e1s fuerte en Cadereyta?<br \/>\n\u201cPavimento y vialidad y en seguridad hay que buscar la soluci\u00f3n para evitar el robo hormiga y casa habitaci\u00f3n, pero sin olvidar los servicios primarios y ecolog\u00eda\u201d, se\u00f1al\u00f3.<br \/>\nPara concluir agradeci\u00f3 la entrevista a La \u00daltima Palabra e hizo un llamado a la uni\u00f3n a todos los panistas para que hagan como suyo el proyecto.<\/p>\n","protected":false},"excerpt":{"rendered":"<p>El empresario panadero, hermano de Edelmiro Cant\u00fa Sada, se registra como precandidato por la alcald\u00eda de Cadereyta. Miguel Oscar P\u00e9rez CADEREYTA JIM\u00c9NEZ, N.L.-El empresario Ricardo Cant\u00fa Sada, de 58 a\u00f1os levanta la mano por el PAN y se apunta para el pr\u00f3ximo proceso electoral buscando la alcald\u00eda de Cadereyta, Jim\u00e9nez, Nuevo Le\u00f3n. Panista registrado como [&hellip;]<\/p>\n","protected":false},"author":9,"featured_media":190,"comment_status":"open","ping_status":"closed","sticky":false,"template":"","format":"standard","meta":{"footnotes":""},"categories":[17],"tags":[948,1692,2000],"class_list":["post-123","post","type-post","status-publish","format-standard","has-post-thumbnail","hentry","category-locales-cadereyta","tag-elecciones-2018","tag-pan-cadereyta","tag-ricardo-cantu-sada"],"_links":{"self":[{"href":"https:\/\/laultimapalabra.com.mx\/portal\/wp-json\/wp\/v2\/posts\/123","targetHints":{"allow":["GET"]}}],"collection":[{"href":"https:\/\/laultimapalabra.com.mx\/portal\/wp-json\/wp\/v2\/posts"}],"about":[{"href":"https:\/\/laultimapalabra.com.mx\/portal\/wp-json\/wp\/v2\/types\/post"}],"author":[{"embeddable":true,"href":"https:\/\/laultimapalabra.com.mx\/portal\/wp-json\/wp\/v2\/users\/9"}],"replies":[{"embeddable":true,"href":"https:\/\/laultimapalabra.com.mx\/portal\/wp-json\/wp\/v2\/comments?post=123"}],"version-history":[{"count":1,"href":"https:\/\/laultimapalabra.com.mx\/portal\/wp-json\/wp\/v2\/posts\/123\/revisions"}],"predecessor-version":[{"id":63137,"href":"https:\/\/laultimapalabra.com.mx\/portal\/wp-json\/wp\/v2\/posts\/123\/revisions\/63137"}],"wp:featuredmedia":[{"embeddable":true,"href":"https:\/\/laultimapalabra.com.mx\/portal\/wp-json\/"}],"wp:attachment":[{"href":"https:\/\/laultimapalabra.com.mx\/portal\/wp-json\/wp\/v2\/media?parent=123"}],"wp:term":[{"taxonomy":"category","embeddable":true,"href":"https:\/\/laultimapalabra.com.mx\/portal\/wp-json\/wp\/v2\/categories?post=123"},{"taxonomy":"post_tag","embeddable":true,"href":"https:\/\/laultimapalabra.com.mx\/portal\/wp-json\/wp\/v2\/tags?post=123"}],"curies":[{"name":"wp","href":"https:\/\/api.w.org\/{rel}","templated":true}]}}