                       {"id":12342,"date":"2020-01-13T14:22:41","date_gmt":"2020-01-13T20:22:41","guid":{"rendered":"http:\/\/laultimapalabra.info\/?p=12342"},"modified":"2024-12-11T10:00:48","modified_gmt":"2024-12-11T16:00:48","slug":"insabi-acabara-con-trafico-de-medicamentos-amlo","status":"publish","type":"post","link":"https:\/\/laultimapalabra.com.mx\/portal\/insabi-acabara-con-trafico-de-medicamentos-amlo\/","title":{"rendered":"Insabi acabar\u00e1 con tr\u00e1fico de medicamentos: AMLO"},"content":{"rendered":"<p style=\"text-align: justify;\">El presidente se dijo confiado en que la mayor\u00eda de los gobernadores acepten el Insabi y afirm\u00f3 que se atender\u00e1 la falta de medicamentos en el norte del pa\u00eds.<\/p>\n<p style=\"text-align: justify;\"><img loading=\"lazy\" decoding=\"async\" class=\"size-medium wp-image-12343 alignright\" src=\"https:\/\/laultimapalabra.com.mx\/portal\/wp-content\/uploads\/2020\/01\/insabi-300x187.jpg\" alt=\"\" width=\"300\" height=\"187\" \/>M\u00c9XICO.- Con la puesta en marcha del Instituto de Salud para el Bienestar (Insabi) se terminar\u00e1 con el \u201chuachicoleo de medicamentos&#8221;, asegur\u00f3 el presiente Andr\u00e9s Manuel L\u00f3pez Obrador.<\/p>\n<p style=\"text-align: justify;\">En su conferencia matutina, el presidente acus\u00f3 que el desv\u00edo de recursos destinados a la compra y distribuci\u00f3n de medicamentos se llevaba a cabo en contubernio gobiernos, servidores p\u00fablicos, empresarios y hasta algunos dirigentes sindicales.<\/p>\n<p style=\"text-align: justify;\">\u201cEn 2018 se compraron en medicinas 90 mil millones de pesos. Pol\u00edticos vend\u00edan medicinas y hac\u00edan su agosto&#8230;Por eso tambi\u00e9n los cuestionamientos porque es una tranza menos\u201d<\/p>\n<p style=\"text-align: justify;\">\u201cDe ah\u00ed la campa\u00f1a del desabasto y de que s\u00ed se cobra &#8230; Pues s\u00ed, nos va a llevar un tiempo como nos llev\u00f3 tiempo acabar con el huachicol y se va a acabar el huachicol en la distribuci\u00f3n de medicamentos\u201d, dijo.<\/p>\n<p style=\"text-align: justify;\">\u201cSe ha hecho alg\u00fan ruido porque alg\u00fan gobernador dijo que no va a aceptar. Es voluntario no es obligatorio (&#8230;) la mayor\u00eda han aceptado para que la seguridad social se garantice de manera gratuita. No podemos obligar a nadie, pero la mayor\u00eda van a aceptar que la salud sea gratuita\u201d,coment\u00f3.<\/p>\n<p style=\"text-align: justify;\">En su intervenci\u00f3n, la jefa de Gobierno de la Ciudad de M\u00e9xico, Claudia Sheinbaum, asegur\u00f3 que los titulares de los ejecutivos estatales que se niegan a firmar el convenio tambi\u00e9n est\u00e1n negando los servicios de salud a la poblaci\u00f3n.<\/p>\n<p style=\"text-align: justify;\">\u201cEst\u00e1n neg\u00e1ndole a la poblaci\u00f3n de esas entidades la oportunidad de acceder al derecho a la salud a como se fue estableciendo en los \u00faltimos a\u00f1os\u201d, se\u00f1al\u00f3.<\/p>\n<p style=\"text-align: justify;\">fuente: Multimedios<\/p>\n","protected":false},"excerpt":{"rendered":"<p>El presidente se dijo confiado en que la mayor\u00eda de los gobernadores acepten el Insabi y afirm\u00f3 que se atender\u00e1 la falta de medicamentos en el norte del pa\u00eds. M\u00c9XICO.- Con la puesta en marcha del Instituto de Salud para el Bienestar (Insabi) se terminar\u00e1 con el \u201chuachicoleo de medicamentos&#8221;, asegur\u00f3 el presiente Andr\u00e9s Manuel [&hellip;]<\/p>\n","protected":false},"author":9,"featured_media":12343,"comment_status":"open","ping_status":"closed","sticky":false,"template":"","format":"standard","meta":{"footnotes":""},"categories":[19],"tags":[124,1286],"class_list":["post-12342","post","type-post","status-publish","format-standard","has-post-thumbnail","hentry","category-nacional","tag-amlo","tag-insabi"],"_links":{"self":[{"href":"https:\/\/laultimapalabra.com.mx\/portal\/wp-json\/wp\/v2\/posts\/12342","targetHints":{"allow":["GET"]}}],"collection":[{"href":"https:\/\/laultimapalabra.com.mx\/portal\/wp-json\/wp\/v2\/posts"}],"about":[{"href":"https:\/\/laultimapalabra.com.mx\/portal\/wp-json\/wp\/v2\/types\/post"}],"author":[{"embeddable":true,"href":"https:\/\/laultimapalabra.com.mx\/portal\/wp-json\/wp\/v2\/users\/9"}],"replies":[{"embeddable":true,"href":"https:\/\/laultimapalabra.com.mx\/portal\/wp-json\/wp\/v2\/comments?post=12342"}],"version-history":[{"count":1,"href":"https:\/\/laultimapalabra.com.mx\/portal\/wp-json\/wp\/v2\/posts\/12342\/revisions"}],"predecessor-version":[{"id":69497,"href":"https:\/\/laultimapalabra.com.mx\/portal\/wp-json\/wp\/v2\/posts\/12342\/revisions\/69497"}],"wp:featuredmedia":[{"embeddable":true,"href":"https:\/\/laultimapalabra.com.mx\/portal\/wp-json\/"}],"wp:attachment":[{"href":"https:\/\/laultimapalabra.com.mx\/portal\/wp-json\/wp\/v2\/media?parent=12342"}],"wp:term":[{"taxonomy":"category","embeddable":true,"href":"https:\/\/laultimapalabra.com.mx\/portal\/wp-json\/wp\/v2\/categories?post=12342"},{"taxonomy":"post_tag","embeddable":true,"href":"https:\/\/laultimapalabra.com.mx\/portal\/wp-json\/wp\/v2\/tags?post=12342"}],"curies":[{"name":"wp","href":"https:\/\/api.w.org\/{rel}","templated":true}]}}