                       {"id":12354,"date":"2020-01-13T14:46:11","date_gmt":"2020-01-13T20:46:11","guid":{"rendered":"http:\/\/laultimapalabra.info\/?p=12354"},"modified":"2024-12-11T10:00:48","modified_gmt":"2024-12-11T16:00:48","slug":"ejecutan-a-un-menor-en-un-camellon-de-cadereyta","status":"publish","type":"post","link":"https:\/\/laultimapalabra.com.mx\/portal\/ejecutan-a-un-menor-en-un-camellon-de-cadereyta\/","title":{"rendered":"Ejecutan a un menor en un camell\u00f3n de Cadereyta"},"content":{"rendered":"<p style=\"text-align: justify;\"><img loading=\"lazy\" decoding=\"async\" class=\"size-medium wp-image-12355 alignright\" style=\"text-align: justify;\" src=\"https:\/\/laultimapalabra.com.mx\/portal\/wp-content\/uploads\/2020\/01\/82492900_2840934545951403_4826665564137062400_n-300x200.jpg\" alt=\"\" width=\"300\" height=\"200\" \/>Monterrey, M\u00e9xico (13 enero 2020).-<br \/>\nHombres armados que viajaban en un auto y una motocicleta ejecutaron anoche a balazos a un joven en un camell\u00f3n central, en Cadereyta.<\/p>\n<p style=\"text-align: justify;\">La agresi\u00f3n se report\u00f3 alrededor de las 21:40 horas, sobre la Avenida R\u00edo Bello, entre las calles R\u00edo Amur y R\u00edo Lena, en el cuarto se<\/p>\n<p><span style=\"text-align: justify; font-size: 1rem;\">ctor de la Colonia Bellavista, inform\u00f3 una fuente policiaca.<\/span><\/p>\n<p style=\"text-align: justify;\">Al recibirse un reporte de un herido por arma de fuego, param\u00e9dicos de Emergencias de Cadereyta llegaron al sitio, donde confirmaron la muerte del joven, quien extraoficialmente fue identificado como Daniel Humberto Hinojosa, de 15 a\u00f1os.<\/p>\n<p style=\"text-align: justify;\">Aunque trascendi\u00f3 que la v\u00edctima era un menor de edad, otras versiones de vecinos comentaron a las autoridades que ten\u00eda unos 20 a\u00f1os.<\/p>\n<p style=\"text-align: justify;\">A simple vista se le apreciaron al menos 5 heridas de bala en diferentes partes del cuerpo.<\/p>\n<p style=\"text-align: justify;\">Personal de la Polic\u00eda Municipal y Fuerza Civil acordonaron el \u00e1rea del crimen, en espera de elementos de la Agencia Estatal de Investigaciones y de peritos de la Fiscal\u00eda.<\/p>\n<p style=\"text-align: justify;\">Seg\u00fan las investigaciones, hombres armados en un auto Versa rojo y una motocicleta, perpetraron el ataque a balazos contra el hombre y luego huyeron del sitio sin ser ubicados.<\/p>\n<p style=\"text-align: justify;\">Despu\u00e9s de recolectar las evidencias del caso, un fiscal orden\u00f3 el traslado del cuerpo al anfiteatro en los primeros minutos de hoy.<\/p>\n<p style=\"text-align: justify;\">Fuente:El Norte<\/p>\n","protected":false},"excerpt":{"rendered":"<p>Monterrey, M\u00e9xico (13 enero 2020).- Hombres armados que viajaban en un auto y una motocicleta ejecutaron anoche a balazos a un joven en un camell\u00f3n central, en Cadereyta. La agresi\u00f3n se report\u00f3 alrededor de las 21:40 horas, sobre la Avenida R\u00edo Bello, entre las calles R\u00edo Amur y R\u00edo Lena, en el cuarto se ctor [&hellip;]<\/p>\n","protected":false},"author":9,"featured_media":12355,"comment_status":"open","ping_status":"closed","sticky":false,"template":"","format":"standard","meta":{"footnotes":""},"categories":[8,9],"tags":[926],"class_list":["post-12354","post","type-post","status-publish","format-standard","has-post-thumbnail","hentry","category-seguridad","category-seguridad-cadereyta","tag-ejecutados-cadereyta"],"_links":{"self":[{"href":"https:\/\/laultimapalabra.com.mx\/portal\/wp-json\/wp\/v2\/posts\/12354","targetHints":{"allow":["GET"]}}],"collection":[{"href":"https:\/\/laultimapalabra.com.mx\/portal\/wp-json\/wp\/v2\/posts"}],"about":[{"href":"https:\/\/laultimapalabra.com.mx\/portal\/wp-json\/wp\/v2\/types\/post"}],"author":[{"embeddable":true,"href":"https:\/\/laultimapalabra.com.mx\/portal\/wp-json\/wp\/v2\/users\/9"}],"replies":[{"embeddable":true,"href":"https:\/\/laultimapalabra.com.mx\/portal\/wp-json\/wp\/v2\/comments?post=12354"}],"version-history":[{"count":1,"href":"https:\/\/laultimapalabra.com.mx\/portal\/wp-json\/wp\/v2\/posts\/12354\/revisions"}],"predecessor-version":[{"id":69503,"href":"https:\/\/laultimapalabra.com.mx\/portal\/wp-json\/wp\/v2\/posts\/12354\/revisions\/69503"}],"wp:featuredmedia":[{"embeddable":true,"href":"https:\/\/laultimapalabra.com.mx\/portal\/wp-json\/"}],"wp:attachment":[{"href":"https:\/\/laultimapalabra.com.mx\/portal\/wp-json\/wp\/v2\/media?parent=12354"}],"wp:term":[{"taxonomy":"category","embeddable":true,"href":"https:\/\/laultimapalabra.com.mx\/portal\/wp-json\/wp\/v2\/categories?post=12354"},{"taxonomy":"post_tag","embeddable":true,"href":"https:\/\/laultimapalabra.com.mx\/portal\/wp-json\/wp\/v2\/tags?post=12354"}],"curies":[{"name":"wp","href":"https:\/\/api.w.org\/{rel}","templated":true}]}}