                       {"id":12376,"date":"2020-01-13T16:08:04","date_gmt":"2020-01-13T22:08:04","guid":{"rendered":"http:\/\/laultimapalabra.info\/?p=12376"},"modified":"2024-12-11T10:00:48","modified_gmt":"2024-12-11T16:00:48","slug":"realizan-exitosamente-primer-feria-del-empleo-del-2020","status":"publish","type":"post","link":"https:\/\/laultimapalabra.com.mx\/portal\/realizan-exitosamente-primer-feria-del-empleo-del-2020\/","title":{"rendered":"Realizan exitosamente Primer Feria del Empleo del 2020"},"content":{"rendered":"<p style=\"text-align: justify;\"><img loading=\"lazy\" decoding=\"async\" class=\"size-medium wp-image-12379 alignleft\" src=\"https:\/\/laultimapalabra.com.mx\/portal\/wp-content\/uploads\/2020\/01\/WhatsApp-Image-2020-01-13-at-1.54.22-PM-300x169.jpeg\" alt=\"\" width=\"300\" height=\"169\" \/>Ju\u00e1rez, N. L.- En el tema del empleo, la administraci\u00f3n encabezada por Heriberto Trevi\u00f1o a trav\u00e9s de la Secretar\u00eda de Desarrollo Econ\u00f3mico, ofert\u00f3 el d\u00eda de hoy cuatro mil vacantes en 50 empresas en lo que fue la Primer Feria del empleo del 2020 realizada en el Auditorio Municipal Benito Ju\u00e1rez de las 10:00 de la ma\u00f1ana a las 14:00 horas donde un gran n\u00famero de juarenses se congregaron en busca de empleo.<\/p>\n","protected":false},"excerpt":{"rendered":"<p>Ju\u00e1rez, N. L.- En el tema del empleo, la administraci\u00f3n encabezada por Heriberto Trevi\u00f1o a trav\u00e9s de la Secretar\u00eda de Desarrollo Econ\u00f3mico, ofert\u00f3 el d\u00eda de hoy cuatro mil vacantes en 50 empresas en lo que fue la Primer Feria del empleo del 2020 realizada en el Auditorio Municipal Benito Ju\u00e1rez de las 10:00 de [&hellip;]<\/p>\n","protected":false},"author":9,"featured_media":12378,"comment_status":"open","ping_status":"closed","sticky":false,"template":"","format":"standard","meta":{"footnotes":""},"categories":[18],"tags":[1062],"class_list":["post-12376","post","type-post","status-publish","format-standard","has-post-thumbnail","hentry","category-locales-juarez","tag-feria-del-empleo-juarez"],"_links":{"self":[{"href":"https:\/\/laultimapalabra.com.mx\/portal\/wp-json\/wp\/v2\/posts\/12376","targetHints":{"allow":["GET"]}}],"collection":[{"href":"https:\/\/laultimapalabra.com.mx\/portal\/wp-json\/wp\/v2\/posts"}],"about":[{"href":"https:\/\/laultimapalabra.com.mx\/portal\/wp-json\/wp\/v2\/types\/post"}],"author":[{"embeddable":true,"href":"https:\/\/laultimapalabra.com.mx\/portal\/wp-json\/wp\/v2\/users\/9"}],"replies":[{"embeddable":true,"href":"https:\/\/laultimapalabra.com.mx\/portal\/wp-json\/wp\/v2\/comments?post=12376"}],"version-history":[{"count":1,"href":"https:\/\/laultimapalabra.com.mx\/portal\/wp-json\/wp\/v2\/posts\/12376\/revisions"}],"predecessor-version":[{"id":69513,"href":"https:\/\/laultimapalabra.com.mx\/portal\/wp-json\/wp\/v2\/posts\/12376\/revisions\/69513"}],"wp:featuredmedia":[{"embeddable":true,"href":"https:\/\/laultimapalabra.com.mx\/portal\/wp-json\/"}],"wp:attachment":[{"href":"https:\/\/laultimapalabra.com.mx\/portal\/wp-json\/wp\/v2\/media?parent=12376"}],"wp:term":[{"taxonomy":"category","embeddable":true,"href":"https:\/\/laultimapalabra.com.mx\/portal\/wp-json\/wp\/v2\/categories?post=12376"},{"taxonomy":"post_tag","embeddable":true,"href":"https:\/\/laultimapalabra.com.mx\/portal\/wp-json\/wp\/v2\/tags?post=12376"}],"curies":[{"name":"wp","href":"https:\/\/api.w.org\/{rel}","templated":true}]}}