                       {"id":12390,"date":"2020-01-14T14:44:38","date_gmt":"2020-01-14T20:44:38","guid":{"rendered":"http:\/\/laultimapalabra.info\/?p=12390"},"modified":"2024-12-11T10:00:48","modified_gmt":"2024-12-11T16:00:48","slug":"de-simbolo-de-corrupcion-a-orgullo-de-una-nacion","status":"publish","type":"post","link":"https:\/\/laultimapalabra.com.mx\/portal\/de-simbolo-de-corrupcion-a-orgullo-de-una-nacion\/","title":{"rendered":"De s\u00edmbolo de corrupci\u00f3n&#8230; a &#8216;orgullo de una naci\u00f3n&#8217;"},"content":{"rendered":"<p style=\"text-align: justify;\"><img loading=\"lazy\" decoding=\"async\" class=\"size-medium wp-image-12392 alignleft\" src=\"https:\/\/laultimapalabra.com.mx\/portal\/wp-content\/uploads\/2020\/01\/4687831-300x200.jpg\" alt=\"\" width=\"300\" height=\"200\" \/>M\u00e9xico, D.F.-<br \/>\nEl avi\u00f3n TP-01, considerado por el Presidente Andr\u00e9s Manuel L\u00f3pez Obrador como un s\u00edmbolo de la corrupci\u00f3n, es promocionado para su venta como el &#8220;orgullo de una naci\u00f3n&#8221;.<\/p>\n<p style=\"text-align: justify;\">El cat\u00e1logo de la aeronave presidencial, elaborado por la Fuerza A\u00e9rea Mexicana, describe al Boeing 787 Dreamliner como el m\u00e1s emblem\u00e1tico del continente, con una &#8220;capacidad VIP incomparable&#8221;.<\/p>\n<p style=\"text-align: justify;\">&#8220;Sus innovadores motores ofrecen una reducci\u00f3n de hasta 60 por ciento del ruido en la cabina. Adem\u00e1s de contar con sistemas que mejoran la calidad del aire, reduciendo el efecto jetlag&#8221;, se lee en el documento.<\/p>\n<p style=\"text-align: justify;\">&#8220;Orgullo de una naci\u00f3n. La aeronave exhibe los s\u00edmbolos m\u00e1s aut\u00e9nticos de M\u00e9xico en diversas y variadas formas, distingui\u00e9ndose el Escudo Nacional, as\u00ed como los colores patrios&#8221;.<\/p>\n<p style=\"text-align: justify;\">En el folleto, presentado esta ma\u00f1ana por el Presidente, se afirma que la aeronave puede acomodar hasta 80 pasajeros en su configuraci\u00f3n de cuatro secciones, &#8220;proporcionando una capacidad VIP \u00fanica en el mundo&#8221;.<\/p>\n<p style=\"text-align: justify;\">Detalla que cuenta con una suite presidencial, con una &#8220;elegante oficina y sala de juntas, rec\u00e1mara con cama King-size, regadera y caminadora&#8221;.<\/p>\n<p style=\"text-align: justify;\">&#8220;Usted, sus ejecutivos, sus principales productores, sus vendedores \u00e9lite, as\u00ed como sus m\u00e1s preciados socios, podr\u00e1n disfrutar de una experiencia de viaje reservada hasta ahora \u00fanicamente para jefes de Estado&#8221;, se\u00f1ala.<\/p>\n<p style=\"text-align: justify;\">En materia tecnol\u00f3gica, refiere que cada asiento cuenta con una pantalla digital personal, sistema de entretenimiento y tel\u00e9fonos satelitales para los pasajeros, adem\u00e1s de una suite privada dedicada a telecomunicaciones.<\/p>\n<p style=\"text-align: justify;\">Seg\u00fan el cat\u00e1logo, el pol\u00e9mico avi\u00f3n Jos\u00e9 Mar\u00eda Morelos y Pav\u00f3n ofrece los costos operativos m\u00e1s bajos, ya que el 80 por ciento de la aeronave est\u00e1 hecha de materiales compuestos, que permiten un peso m\u00e1s ligero, adem\u00e1s de contar con las certificaciones m\u00e1s altas de seguridad.<\/p>\n<p style=\"text-align: justify;\">&#8220;La aeronave consume hasta 20 por lo menos combustible que otros aviones similares, reduciendo considerablemente los costos operativos&#8221;, indica.<\/p>\n<p style=\"text-align: justify;\">&#8220;Un rango inigualable, con una velocidad crucero de 1,050 KM\/H y un alcance de m\u00e1s de 15 mil kil\u00f3metros, llegando a todos los continentes del mundo sin necesidad de escalas&#8221;.<\/p>\n<p style=\"text-align: justify;\">En la oferta a posibles compradores, el Gobierno de M\u00e9xico plantea algunas ventajas a los futuros propietarios, ya que podr\u00e1n personalizar cada vuelo.<\/p>\n<p style=\"text-align: justify;\">&#8220;Exhiba su marca. Se tendr\u00e1 la opci\u00f3n de personalizar la aeronave en cada vuelo, con la marca que cada usuario defina, brind\u00e1ndole una nueva plataforma de promoci\u00f3n a nivel internacional&#8221;, asegura.<\/p>\n<p style=\"text-align: justify;\">&#8220;Atracci\u00f3n global. Los amplios espacios, el lujo y la capacidad de la aeronave ofrecen una experiencia de viaje \u00fanica en el planeta, que le permitir\u00e1 atraer con mayor facilidad a grupos de inversionistas y personalidades globales para su empresa&#8221;.<\/p>\n<p style=\"text-align: justify;\">En el documento se plantea la posibilidad de que pueda ser comprado por varias empresas a trav\u00e9s de un modelo fractional.<\/p>\n<p style=\"text-align: justify;\">&#8220;A trav\u00e9s de un modelo conocido com\u00fanmente como fractional, la aeronave XC-MEX se pondr\u00e1 a la venta en 12 fracciones que se podr\u00e1n adquirir una a una de forma individual&#8221;, se\u00f1ala.<\/p>\n<p style=\"text-align: justify;\">&#8220;En lo que se realiza la venta de las 12 fracciones y sea concluido el traslado del dominio de la aeronave, aquellos quienes vayan participando como compradores tendr\u00e1n el privilegio de poder utilizar el avi\u00f3n de forma inmediata pagando el costo por hora de vuelo que corresponda y se acuerde. Durante esa etapa el avi\u00f3n ser\u00e1 operado por la Fuerza A\u00e9rea Mexicana&#8221;.<\/p>\n<p style=\"text-align: justify;\">FUENTE: EL NORTE<\/p>\n","protected":false},"excerpt":{"rendered":"<p>M\u00e9xico, D.F.- El avi\u00f3n TP-01, considerado por el Presidente Andr\u00e9s Manuel L\u00f3pez Obrador como un s\u00edmbolo de la corrupci\u00f3n, es promocionado para su venta como el &#8220;orgullo de una naci\u00f3n&#8221;. El cat\u00e1logo de la aeronave presidencial, elaborado por la Fuerza A\u00e9rea Mexicana, describe al Boeing 787 Dreamliner como el m\u00e1s emblem\u00e1tico del continente, con una [&hellip;]<\/p>\n","protected":false},"author":9,"featured_media":12391,"comment_status":"open","ping_status":"closed","sticky":false,"template":"","format":"standard","meta":{"footnotes":""},"categories":[19],"tags":[124,250],"class_list":["post-12390","post","type-post","status-publish","format-standard","has-post-thumbnail","hentry","category-nacional","tag-amlo","tag-avion-epn"],"_links":{"self":[{"href":"https:\/\/laultimapalabra.com.mx\/portal\/wp-json\/wp\/v2\/posts\/12390","targetHints":{"allow":["GET"]}}],"collection":[{"href":"https:\/\/laultimapalabra.com.mx\/portal\/wp-json\/wp\/v2\/posts"}],"about":[{"href":"https:\/\/laultimapalabra.com.mx\/portal\/wp-json\/wp\/v2\/types\/post"}],"author":[{"embeddable":true,"href":"https:\/\/laultimapalabra.com.mx\/portal\/wp-json\/wp\/v2\/users\/9"}],"replies":[{"embeddable":true,"href":"https:\/\/laultimapalabra.com.mx\/portal\/wp-json\/wp\/v2\/comments?post=12390"}],"version-history":[{"count":1,"href":"https:\/\/laultimapalabra.com.mx\/portal\/wp-json\/wp\/v2\/posts\/12390\/revisions"}],"predecessor-version":[{"id":69519,"href":"https:\/\/laultimapalabra.com.mx\/portal\/wp-json\/wp\/v2\/posts\/12390\/revisions\/69519"}],"wp:featuredmedia":[{"embeddable":true,"href":"https:\/\/laultimapalabra.com.mx\/portal\/wp-json\/"}],"wp:attachment":[{"href":"https:\/\/laultimapalabra.com.mx\/portal\/wp-json\/wp\/v2\/media?parent=12390"}],"wp:term":[{"taxonomy":"category","embeddable":true,"href":"https:\/\/laultimapalabra.com.mx\/portal\/wp-json\/wp\/v2\/categories?post=12390"},{"taxonomy":"post_tag","embeddable":true,"href":"https:\/\/laultimapalabra.com.mx\/portal\/wp-json\/wp\/v2\/tags?post=12390"}],"curies":[{"name":"wp","href":"https:\/\/api.w.org\/{rel}","templated":true}]}}