                       {"id":12460,"date":"2020-01-16T14:52:58","date_gmt":"2020-01-16T20:52:58","guid":{"rendered":"http:\/\/laultimapalabra.info\/?p=12460"},"modified":"2024-12-11T10:00:49","modified_gmt":"2024-12-11T16:00:49","slug":"realizara-gobierno-de-cadereyta-matrimonios-colectivos","status":"publish","type":"post","link":"https:\/\/laultimapalabra.com.mx\/portal\/realizara-gobierno-de-cadereyta-matrimonios-colectivos\/","title":{"rendered":"Realizar\u00e1 Gobierno de Cadereyta Matrimonios Colectivos"},"content":{"rendered":"<p style=\"text-align: justify;\"><img loading=\"lazy\" decoding=\"async\" class=\"size-medium wp-image-12461 alignleft\" src=\"https:\/\/laultimapalabra.com.mx\/portal\/wp-content\/uploads\/2020\/01\/WhatsApp-Image-2020-01-16-at-1.34.14-PM-300x300.jpeg\" alt=\"\" width=\"300\" height=\"300\" \/>Cadereyta Jim\u00e9nez, N. L. &#8211; El Gobierno Municipal de Cadereyta a trav\u00e9s del Sistema DIF, realizar\u00e1 la segunda edici\u00f3n de \u201cMatrimonios Colectivos\u201d el pr\u00f3ximo 14 de febrero del 2020.<br \/>\nLa recepci\u00f3n de papeler\u00eda ser\u00e1 en las instalaciones del DIF Municipal en un horario de 8:00 de la ma\u00f1ana a 3:00 de la tarde, teniendo como fecha l\u00edmite el 7 de febrero.<br \/>\nLa Presidenta del Sistema del Desarrollo Integral de la Familia en Cadereyta, Martha de la Garza, invit\u00f3 a las parejas interesadas a aprovechar esta oportunidad que la Administraci\u00f3n actual le ofrece totalmente gratuita.<\/p>\n","protected":false},"excerpt":{"rendered":"<p>Cadereyta Jim\u00e9nez, N. L. &#8211; El Gobierno Municipal de Cadereyta a trav\u00e9s del Sistema DIF, realizar\u00e1 la segunda edici\u00f3n de \u201cMatrimonios Colectivos\u201d el pr\u00f3ximo 14 de febrero del 2020. La recepci\u00f3n de papeler\u00eda ser\u00e1 en las instalaciones del DIF Municipal en un horario de 8:00 de la ma\u00f1ana a 3:00 de la tarde, teniendo como [&hellip;]<\/p>\n","protected":false},"author":9,"featured_media":12461,"comment_status":"open","ping_status":"closed","sticky":false,"template":"","format":"standard","meta":{"footnotes":""},"categories":[17],"tags":[1514],"class_list":["post-12460","post","type-post","status-publish","format-standard","has-post-thumbnail","hentry","category-locales-cadereyta","tag-matrimonios-colectivos-cadereyta"],"_links":{"self":[{"href":"https:\/\/laultimapalabra.com.mx\/portal\/wp-json\/wp\/v2\/posts\/12460","targetHints":{"allow":["GET"]}}],"collection":[{"href":"https:\/\/laultimapalabra.com.mx\/portal\/wp-json\/wp\/v2\/posts"}],"about":[{"href":"https:\/\/laultimapalabra.com.mx\/portal\/wp-json\/wp\/v2\/types\/post"}],"author":[{"embeddable":true,"href":"https:\/\/laultimapalabra.com.mx\/portal\/wp-json\/wp\/v2\/users\/9"}],"replies":[{"embeddable":true,"href":"https:\/\/laultimapalabra.com.mx\/portal\/wp-json\/wp\/v2\/comments?post=12460"}],"version-history":[{"count":1,"href":"https:\/\/laultimapalabra.com.mx\/portal\/wp-json\/wp\/v2\/posts\/12460\/revisions"}],"predecessor-version":[{"id":69553,"href":"https:\/\/laultimapalabra.com.mx\/portal\/wp-json\/wp\/v2\/posts\/12460\/revisions\/69553"}],"wp:featuredmedia":[{"embeddable":true,"href":"https:\/\/laultimapalabra.com.mx\/portal\/wp-json\/"}],"wp:attachment":[{"href":"https:\/\/laultimapalabra.com.mx\/portal\/wp-json\/wp\/v2\/media?parent=12460"}],"wp:term":[{"taxonomy":"category","embeddable":true,"href":"https:\/\/laultimapalabra.com.mx\/portal\/wp-json\/wp\/v2\/categories?post=12460"},{"taxonomy":"post_tag","embeddable":true,"href":"https:\/\/laultimapalabra.com.mx\/portal\/wp-json\/wp\/v2\/tags?post=12460"}],"curies":[{"name":"wp","href":"https:\/\/api.w.org\/{rel}","templated":true}]}}