                       {"id":12471,"date":"2020-01-16T16:06:02","date_gmt":"2020-01-16T22:06:02","guid":{"rendered":"http:\/\/laultimapalabra.info\/?p=12471"},"modified":"2024-12-11T10:00:49","modified_gmt":"2024-12-11T16:00:49","slug":"pide-el-inegi-abrir-las-puertas-a-entrevistadores","status":"publish","type":"post","link":"https:\/\/laultimapalabra.com.mx\/portal\/pide-el-inegi-abrir-las-puertas-a-entrevistadores\/","title":{"rendered":"Pide el INEGI  abrir las puertas a entrevistadores"},"content":{"rendered":"<p style=\"text-align: justify;\">Se encuentra el instituto etapa de reclutamiento para el censo que inicia en marzo<\/p>\n<p style=\"text-align: justify;\"><img loading=\"lazy\" decoding=\"async\" class=\"size-medium wp-image-12472 alignleft\" src=\"https:\/\/laultimapalabra.com.mx\/portal\/wp-content\/uploads\/2020\/01\/INEGI-195x300.jpg\" alt=\"\" width=\"195\" height=\"300\" \/>Miguel Oscar P\u00e9rez<br \/>\nCADEREYTA JIM\u00c9NEZ, N.L.-<br \/>\nEn la primera emisi\u00f3n del programa \u201cLa de Ocho Columnas\u201d, del 2020, La \u00daltima Palabra entrevist\u00f3 al coordinador del INEGI, Rigoberto Beltr\u00e1n Sarabia y a la subdirectora de Estad\u00edsticas de ese mismo instituto, Mar\u00eda de los \u00c1ngeles Trevi\u00f1o, quienes hicieron un llamado a abrir las puertas a los entrevistadores que dentro de poco iniciar\u00e1n el censo de poblaci\u00f3n y vivienda.<br \/>\n\u201cEl censo inicia formalmente el d\u00eda 2 de marzo y concluye el 27 del mismo mes y se publican los datos a censar el 15 de marzo a las 00:00 horas\u201d, se\u00f1al\u00f3 el coordinador estatal del Instituto Nacional de Estad\u00edstica y Geograf\u00eda.<br \/>\nPor su parte Mar\u00eda de los \u00c1ngeles Trevi\u00f1o, pidi\u00f3 a la ciudadan\u00eda recibir a los entrevistadores, que para mayor confianza traer\u00e1n un chaleco con los logos del INEGI, con el n\u00famero telef\u00f3nico en su espalda, traen un gafete para su identificaci\u00f3n con fotograf\u00eda con un n\u00famero de folio en la parte posterior que se puede consultar v\u00eda internet.<br \/>\nAbundaron que est\u00e1n en las \u00faltimas etapas del reclutamiento y que se requerir\u00e1n algunas 500 personas como encuestadores; 320 para el municipio de Ju\u00e1rez y 190 para Cadereyta, que ser\u00e1n empleados por mes y medio, desde la segunda quincena de febrero para capacitaci\u00f3n y todo marzo para realizar el censo de poblaci\u00f3n y vivienda.<br \/>\nMencionaron que en Cadereyta hay una oficina para reclutar personas en el DIF Ger\u00f3nimo Trevi\u00f1o, en la colonia del mismo nombre y en Ju\u00e1rez en el centro comunitario H\u00e9ctor Caballero, de la colonia Caballero<br \/>\n\u201cEstamos invitando a la poblaci\u00f3n a que se integre a nuestro equipo de trabajo, hay un proceso\u201d, se\u00f1al\u00f3 Beltr\u00e1n Sarabia y debido a lo delicado del programa, sin embargo aunque es estricto, no es dif\u00edcil de llenar los requisitos.<br \/>\nMencionaron que aunque el INEGI es conocido por los censos poblacionales y de vivienda, el instituto genera diferente informaci\u00f3n en forma permanente.<br \/>\nEl tiempo de duraci\u00f3n de la entrevista es de 12 a 18 minutos en el cuestionario b\u00e1sico y de 30 a 35 minutos en el cuestionario ampliado, que solo aplica en ciertas partes de la rep\u00fablica, donde hay poblaci\u00f3n flotante.<br \/>\nLos funcionaros coincidieron para concluir que si llegan los entrevistadores, usted diga \u00a1Preg\u00fauuuuntame! Y tenga confianza plena que todos buscan el mejor dato para enriquecer la estad\u00edsticas nacionales.<\/p>\n","protected":false},"excerpt":{"rendered":"<p>Se encuentra el instituto etapa de reclutamiento para el censo que inicia en marzo Miguel Oscar P\u00e9rez CADEREYTA JIM\u00c9NEZ, N.L.- En la primera emisi\u00f3n del programa \u201cLa de Ocho Columnas\u201d, del 2020, La \u00daltima Palabra entrevist\u00f3 al coordinador del INEGI, Rigoberto Beltr\u00e1n Sarabia y a la subdirectora de Estad\u00edsticas de ese mismo instituto, Mar\u00eda de [&hellip;]<\/p>\n","protected":false},"author":9,"featured_media":12472,"comment_status":"open","ping_status":"closed","sticky":false,"template":"","format":"standard","meta":{"footnotes":""},"categories":[17],"tags":[522,1271],"class_list":["post-12471","post","type-post","status-publish","format-standard","has-post-thumbnail","hentry","category-locales-cadereyta","tag-censo-2020","tag-inegi"],"_links":{"self":[{"href":"https:\/\/laultimapalabra.com.mx\/portal\/wp-json\/wp\/v2\/posts\/12471","targetHints":{"allow":["GET"]}}],"collection":[{"href":"https:\/\/laultimapalabra.com.mx\/portal\/wp-json\/wp\/v2\/posts"}],"about":[{"href":"https:\/\/laultimapalabra.com.mx\/portal\/wp-json\/wp\/v2\/types\/post"}],"author":[{"embeddable":true,"href":"https:\/\/laultimapalabra.com.mx\/portal\/wp-json\/wp\/v2\/users\/9"}],"replies":[{"embeddable":true,"href":"https:\/\/laultimapalabra.com.mx\/portal\/wp-json\/wp\/v2\/comments?post=12471"}],"version-history":[{"count":1,"href":"https:\/\/laultimapalabra.com.mx\/portal\/wp-json\/wp\/v2\/posts\/12471\/revisions"}],"predecessor-version":[{"id":69559,"href":"https:\/\/laultimapalabra.com.mx\/portal\/wp-json\/wp\/v2\/posts\/12471\/revisions\/69559"}],"wp:featuredmedia":[{"embeddable":true,"href":"https:\/\/laultimapalabra.com.mx\/portal\/wp-json\/"}],"wp:attachment":[{"href":"https:\/\/laultimapalabra.com.mx\/portal\/wp-json\/wp\/v2\/media?parent=12471"}],"wp:term":[{"taxonomy":"category","embeddable":true,"href":"https:\/\/laultimapalabra.com.mx\/portal\/wp-json\/wp\/v2\/categories?post=12471"},{"taxonomy":"post_tag","embeddable":true,"href":"https:\/\/laultimapalabra.com.mx\/portal\/wp-json\/wp\/v2\/tags?post=12471"}],"curies":[{"name":"wp","href":"https:\/\/api.w.org\/{rel}","templated":true}]}}