                       {"id":125,"date":"2018-02-01T22:10:57","date_gmt":"2018-02-01T22:10:57","guid":{"rendered":"http:\/\/laultimapalabra.info\/?p=125"},"modified":"2024-12-11T08:36:53","modified_gmt":"2024-12-11T14:36:53","slug":"ignacio-allende-caudillo-insurgente-y-heroe-de-la-independencia-de-mexico","status":"publish","type":"post","link":"https:\/\/laultimapalabra.com.mx\/portal\/ignacio-allende-caudillo-insurgente-y-heroe-de-la-independencia-de-mexico\/","title":{"rendered":"Ignacio Allende\u2026 caudillo Insurgente y H\u00e9roe de la Independencia de M\u00e9xico"},"content":{"rendered":"<p><img loading=\"lazy\" decoding=\"async\" class=\"alignnone size-medium wp-image-126\" src=\"https:\/\/laultimapalabra.com.mx\/portal\/wp-content\/uploads\/2018\/02\/1769_image022-300x252.jpg\" alt=\"\" width=\"300\" height=\"252\" \/><\/p>\n<p>Por: Jos\u00e9 Ascenci\u00f3n Tijeirna Florez<\/p>\n<p style=\"text-align: justify;\">Personaje representativo de la guerra de la Independencia de M\u00e9xico es Don Ignacio Allende, en ocasiones ignorado a causa del m\u00e9rito casi total que se le otorga a Migue Hidalgo, sin embargo es indiscutible que desde los inicios de aquella lucha Allende fue pieza fundamental.<br \/>\nUn 21 de enero de 1769 nace el caudillo insurgente Ignacio Allende Y Unzaga en San Miguel de Allende (Guanajuato). Fue miembro de una de las familias m\u00e1s pr\u00f3speras de aquella poblaci\u00f3n. En ese tiempo. Un importante centro mercantil, industrial y agr\u00edcola, abraz\u00f3 la carrera militar y en 1795 fue nombrado Teniente del Regimiento Provincial de Dragones de la Reyna.<br \/>\nLa Nueva Espa\u00f1a viv\u00eda una dif\u00edcil situaci\u00f3n a principios del siglo XIX, las Reformas Borb\u00f3nicas implementadas por la corona en d\u00e9cadas pasadas incrementaron el auge en actividades como la miner\u00eda, la ganader\u00eda y la reorganizaci\u00f3n de la administraci\u00f3n p\u00fablica, pero tambi\u00e9n iba en aumento el desequilibrio social a causa de la monopolizaci\u00f3n de los principales cargos p\u00fablicos del Estado y la Iglesia que se encontraban solamente en manos de Peninsulares.<br \/>\nEl malestar y disgusto encontr\u00f3 una ocasi\u00f3n propicia para manifestarse cuando Espa\u00f1a era invadida por las fuerzas Napole\u00f3nicas en 1808, seg\u00fan decisi\u00f3n de quien ocupaba el trono en manos del Emperador Franc\u00e9s.<br \/>\nAnte esta \u201cCoyuntura\u201d la desaz\u00f3n de los Criollos no se hizo esperar.<br \/>\nAllende fue entonces unos de los principales promotores de las sociedades patri\u00f3ticas clandestinas que se opon\u00edan a los hechos en San Miguel, Celaya, Quer\u00e9taro y Ciudad de M\u00e9xico. Desde 1808 Ignacio concibi\u00f3 un plan que consist\u00eda en \u201cLevantar\u201d algunas ciudades con un movimiento rebelde cuyo postulado seria jurar fidelidad al Rey Fernando VII. La conspiraci\u00f3n se fraguaba en Quer\u00e9taro y se decidi\u00f3 que el levantamiento se llevar\u00eda a cabo en San Juan de los lagos (Jalisco) el primero de octubre de 1810.<br \/>\nHabiendo sido descubiertos el cura Miguel Hidalgo tuvo que iniciar el levantamiento la madrugada del 16 de septiembre en el pueblo de Dolores (Guanajuato).<br \/>\nPor su parte Allende, organiz\u00f3 las tropas Insurgentes iniciales y tom\u00f3 parte en la primera campa\u00f1a de lucha que se apoder\u00f3 de varias ciudades de las actuales de Guanajuato Y Michoac\u00e1n luego que Hidalgo se negara a tomar la ciudad de M\u00e9xico tras la costosa victoria del Monte de las Cruces en octubre de ese a\u00f1o.<br \/>\nAllende fue comisionado para defender Guanajuato combatiendo a los relistas antes de reunirse con Hidalgo para luego sufrir juntos la dolorosa derrota de Puente de Calder\u00f3n en el siguiente enero, por lo que decidieron dirigirse a la frontera con Estados Unidos en busca de recursos para continuar con su campa\u00f1a.<br \/>\nEn el camino fueron sorprendidos y capturados en Acatita de Bajan (Coahuila) Allende, Jim\u00e9nez e Hidalgo y otros jefes con el resto de sus ej\u00e9rcitos. Juzgados por el Gobierno Virreynal Allende ver\u00eda morir a su hijo Indalecio por las fuerzas enemigas, para luego ser fusilado el 26 de julio de 1811 en Chihuahua.<br \/>\nSus restos mortales reposan en las columna de la Independencia de la Ciudad de M\u00e9xico y es considerado unos de los principales y m\u00e1s importantes pr\u00f3ceres de la naci\u00f3n.<br \/>\nNuestro Municipio vecino hacia el sur de Cadereyta y muchos m\u00e1s de M\u00e9xico, llevan el nombre de Allende, en recuerdo y homenaje al caudillo Insurgente y H\u00e9roe de la Independencia: Teniente Ignacio Allende Y Unzaga.<br \/>\nGracias<\/p>\n","protected":false},"excerpt":{"rendered":"<p>Por: Jos\u00e9 Ascenci\u00f3n Tijeirna Florez Personaje representativo de la guerra de la Independencia de M\u00e9xico es Don Ignacio Allende, en ocasiones ignorado a causa del m\u00e9rito casi total que se le otorga a Migue Hidalgo, sin embargo es indiscutible que desde los inicios de aquella lucha Allende fue pieza fundamental. Un 21 de enero de [&hellip;]<\/p>\n","protected":false},"author":9,"featured_media":126,"comment_status":"open","ping_status":"closed","sticky":false,"template":"","format":"standard","meta":{"footnotes":""},"categories":[17],"tags":[879],"class_list":["post-125","post","type-post","status-publish","format-standard","has-post-thumbnail","hentry","category-locales-cadereyta","tag-dr-jose-ascencion-tijerina-flores"],"_links":{"self":[{"href":"https:\/\/laultimapalabra.com.mx\/portal\/wp-json\/wp\/v2\/posts\/125","targetHints":{"allow":["GET"]}}],"collection":[{"href":"https:\/\/laultimapalabra.com.mx\/portal\/wp-json\/wp\/v2\/posts"}],"about":[{"href":"https:\/\/laultimapalabra.com.mx\/portal\/wp-json\/wp\/v2\/types\/post"}],"author":[{"embeddable":true,"href":"https:\/\/laultimapalabra.com.mx\/portal\/wp-json\/wp\/v2\/users\/9"}],"replies":[{"embeddable":true,"href":"https:\/\/laultimapalabra.com.mx\/portal\/wp-json\/wp\/v2\/comments?post=125"}],"version-history":[{"count":1,"href":"https:\/\/laultimapalabra.com.mx\/portal\/wp-json\/wp\/v2\/posts\/125\/revisions"}],"predecessor-version":[{"id":63139,"href":"https:\/\/laultimapalabra.com.mx\/portal\/wp-json\/wp\/v2\/posts\/125\/revisions\/63139"}],"wp:featuredmedia":[{"embeddable":true,"href":"https:\/\/laultimapalabra.com.mx\/portal\/wp-json\/"}],"wp:attachment":[{"href":"https:\/\/laultimapalabra.com.mx\/portal\/wp-json\/wp\/v2\/media?parent=125"}],"wp:term":[{"taxonomy":"category","embeddable":true,"href":"https:\/\/laultimapalabra.com.mx\/portal\/wp-json\/wp\/v2\/categories?post=125"},{"taxonomy":"post_tag","embeddable":true,"href":"https:\/\/laultimapalabra.com.mx\/portal\/wp-json\/wp\/v2\/tags?post=125"}],"curies":[{"name":"wp","href":"https:\/\/api.w.org\/{rel}","templated":true}]}}