                       {"id":1253,"date":"2018-04-19T23:39:28","date_gmt":"2018-04-19T23:39:28","guid":{"rendered":"http:\/\/laultimapalabra.info\/?p=1253"},"modified":"2024-12-11T08:37:08","modified_gmt":"2024-12-11T14:37:08","slug":"el-alma-de-a-c-anticancer","status":"publish","type":"post","link":"https:\/\/laultimapalabra.com.mx\/portal\/el-alma-de-a-c-anticancer\/","title":{"rendered":"El alma de A.C. antic\u00e1ncer"},"content":{"rendered":"<p style=\"text-align: justify;\"><img loading=\"lazy\" decoding=\"async\" class=\"size-medium wp-image-1255 alignleft\" src=\"https:\/\/laultimapalabra.com.mx\/portal\/wp-content\/uploads\/2018\/04\/2-5-300x225.jpg\" alt=\"\" width=\"300\" height=\"225\" \/>CADEREYTA JIM\u00c9NEZ, N.L.-<br \/>\nCharlar con sobrevivientes del c\u00e1ncer de mama, ahora colaboradoras y a las que denominan el alma de la asociaci\u00f3n \u201cSalvemos Cadereyta del C\u00e1ncer de Mama, A.C.\u201d, es adentrarse en las historias m\u00e1s sensibles, de impacto, de lucha, de llanto, y al final de victoria.<br \/>\nLa noble asociaci\u00f3n, presidida por el doctor Sab\u00e1s Ren\u00e9 Tamez P\u00e9rez, y parte de la mesa directiva est\u00e1 constituida por la licenciada Claudia Gallegos y Juan Salda\u00f1a, se encuentra ubicada en la calle Zaragoza 614 \u201cA\u201d con el tel\u00e9fono (828) 688 2892 en la zona centro de esta ciudad.<br \/>\nMAR\u00cdA LIDIA CERVANTES RODR\u00cdGUEZ<br \/>\nUna m\u00e1s de las muchas historias que se entretejen en el c\u00e1ncer de mama es el de la se\u00f1ora Cervantes Rodr\u00edguez, quien luch\u00f3 por espacio de un a\u00f1o y por dos a\u00f1os, ya solo se encuentra en monitoreo contra el c\u00e1ncer.<br \/>\n\u201cEstoy muy agradecida con Dios porque me ha brindado la oportunidad de ser miembro o colaboradora de \u201cSalvemos Cadereyta contra el C\u00e1ncer de Mama\u201d, explic\u00f3.<br \/>\n\u201cEl c\u00e1ncer tiene tres aliados: la ignorancia, el pudor y la falta de informaci\u00f3n\u201d, expres\u00f3<br \/>\nUna de las ense\u00f1anzas de la sobreviviente que ha salido negativa en los \u00faltimos an\u00e1lisis es el de instruir y concientizar a las mujeres que est\u00e1n en duda de checarse o hacerse mamograf\u00edas.<br \/>\nFLORA ESTHELA VIZ\u00c1RRAGA GAONA<br \/>\nOtra de las guerreras en la feroz lucha por la supervivencia relata que fue a los 40 a\u00f1os que le detectan \u201calgo\u201d en un estudio el cual result\u00f3 ser un c\u00e1ncer en uno de sus senos.<br \/>\n\u201cDios all\u00ed absorbi\u00f3 toda mi emoci\u00f3n, porque yo le ped\u00ed en una oraci\u00f3n que me demostrara que no estaba sola le ped\u00ed espec\u00edficamente que una persona me abrazara y estando all\u00ed con los resultados y los doctores en el hospital, \u00c9l le indica en espec\u00edfico a una persona que me d\u00e9 un abrazo, el cual no permite que yo me rinda\u201d, dijo la mujer quien est\u00e1 en fase de terminar su tratamiento y entrar\u00e1 solo en la fase de monitoreo.<br \/>\nMARITZA S\u00c1NCHEZ MONTALVO<br \/>\nMaritza tiene apenas algunos meses que fue diagnosticada con c\u00e1ncer, desde el mes de octubre de a\u00f1o pasado y relata que desde que le fue detectado el terrible mal su doctor nunca mencion\u00f3 la palabra c\u00e1ncer solo le dijo que hab\u00edan encontrado en su cuerpo algunas c\u00e9lulas malignas.<br \/>\n\u201cDesde el momento que te diagnostican o te dicen esa terrible noticia, empiezas a cuestionar todo yo me empec\u00e9 a preguntar no \u00bfpor qu\u00e9 a m\u00ed? sino \u00bfpara qu\u00e9? Cuando recibimos la invitaci\u00f3n a la asociaci\u00f3n all\u00ed fue la respuesta que Dios me mand\u00f3\u201d, mencion\u00f3 la valiente paciente que est\u00e1 en plena lucha contra el c\u00e1ncer de mama.<br \/>\nLas tres m\u00e1s los directivos de la asociaci\u00f3n instaron a las mujeres a crear una cultura preventiva, que se autoexploren y sobre todo que acudan a la valoraci\u00f3n que es gratuita.<br \/>\nLos costosos estudios son gratuitos as\u00ed como el tratamiento, solo pagar\u00eda la paciente el costo del estudio de la biopsia el cual es muy econ\u00f3mico<\/p>\n","protected":false},"excerpt":{"rendered":"<p>CADEREYTA JIM\u00c9NEZ, N.L.- Charlar con sobrevivientes del c\u00e1ncer de mama, ahora colaboradoras y a las que denominan el alma de la asociaci\u00f3n \u201cSalvemos Cadereyta del C\u00e1ncer de Mama, A.C.\u201d, es adentrarse en las historias m\u00e1s sensibles, de impacto, de lucha, de llanto, y al final de victoria. La noble asociaci\u00f3n, presidida por el doctor Sab\u00e1s [&hellip;]<\/p>\n","protected":false},"author":9,"featured_media":1254,"comment_status":"open","ping_status":"closed","sticky":false,"template":"","format":"standard","meta":{"footnotes":""},"categories":[17],"tags":[2340,37,880],"class_list":["post-1253","post","type-post","status-publish","format-standard","has-post-thumbnail","hentry","category-locales-cadereyta","tag-salvemos-cadereyta-del-cancer-de-mama","tag-a-c","tag-dr-sabas-tamez"],"_links":{"self":[{"href":"https:\/\/laultimapalabra.com.mx\/portal\/wp-json\/wp\/v2\/posts\/1253","targetHints":{"allow":["GET"]}}],"collection":[{"href":"https:\/\/laultimapalabra.com.mx\/portal\/wp-json\/wp\/v2\/posts"}],"about":[{"href":"https:\/\/laultimapalabra.com.mx\/portal\/wp-json\/wp\/v2\/types\/post"}],"author":[{"embeddable":true,"href":"https:\/\/laultimapalabra.com.mx\/portal\/wp-json\/wp\/v2\/users\/9"}],"replies":[{"embeddable":true,"href":"https:\/\/laultimapalabra.com.mx\/portal\/wp-json\/wp\/v2\/comments?post=1253"}],"version-history":[{"count":1,"href":"https:\/\/laultimapalabra.com.mx\/portal\/wp-json\/wp\/v2\/posts\/1253\/revisions"}],"predecessor-version":[{"id":63683,"href":"https:\/\/laultimapalabra.com.mx\/portal\/wp-json\/wp\/v2\/posts\/1253\/revisions\/63683"}],"wp:featuredmedia":[{"embeddable":true,"href":"https:\/\/laultimapalabra.com.mx\/portal\/wp-json\/"}],"wp:attachment":[{"href":"https:\/\/laultimapalabra.com.mx\/portal\/wp-json\/wp\/v2\/media?parent=1253"}],"wp:term":[{"taxonomy":"category","embeddable":true,"href":"https:\/\/laultimapalabra.com.mx\/portal\/wp-json\/wp\/v2\/categories?post=1253"},{"taxonomy":"post_tag","embeddable":true,"href":"https:\/\/laultimapalabra.com.mx\/portal\/wp-json\/wp\/v2\/tags?post=1253"}],"curies":[{"name":"wp","href":"https:\/\/api.w.org\/{rel}","templated":true}]}}