                       {"id":12576,"date":"2020-01-22T15:51:58","date_gmt":"2020-01-22T21:51:58","guid":{"rendered":"http:\/\/laultimapalabra.info\/?p=12576"},"modified":"2024-12-11T10:00:51","modified_gmt":"2024-12-11T16:00:51","slug":"visitara-amlo-nl-el-domingo","status":"publish","type":"post","link":"https:\/\/laultimapalabra.com.mx\/portal\/visitara-amlo-nl-el-domingo\/","title":{"rendered":"Visitar\u00e1 AMLO NL el domingo"},"content":{"rendered":"<p style=\"text-align: justify;\"><img loading=\"lazy\" decoding=\"async\" class=\"size-medium wp-image-12577 alignright\" src=\"https:\/\/laultimapalabra.com.mx\/portal\/wp-content\/uploads\/2020\/01\/8555611-300x200.jpg\" alt=\"\" width=\"300\" height=\"200\" \/>Monterrey, M\u00e9xico (22 enero 2020).-<br \/>\nEl Secretario General de Gobierno, Manuel Gonz\u00e1lez, anunci\u00f3 que se est\u00e1n preparando para la visita que har\u00e1 el Presidente Andr\u00e9s Manuel L\u00f3pez Obrador el pr\u00f3ximo domingo.<br \/>\nEl funcionario estatal dijo que ma\u00f1ana vendr\u00e1 personal que organiza los eventos del mandatario federal para preparar su visita.<br \/>\nSe\u00f1al\u00f3 que los temas que tratar\u00e1n en el evento est\u00e1n relacionados con el bienestar social.<br \/>\n&#8220;El domingo tendremos un evento en la Explanada (de los H\u00e9roes)&#8221;, mencion\u00f3, &#8220;tiene que ver con los programas de bienestar social que el Gobierno federal tiene en Nuevo Le\u00f3n, es un evento que se va a desarrollar en la ma\u00f1ana, todav\u00eda no tenemos la hora exacta&#8221;.<br \/>\n&#8220;Qu\u00e9 bueno que nos visite el Presidente, ojal\u00e1 nos dej\u00e9 cosas buenas. Algo queremos es que nos deje un beneficio para todos los de Nuevo Le\u00f3n&#8221;.<br \/>\nAunque no precis\u00f3 la hora del evento, Gonz\u00e1lez dijo que ser\u00e1 por la ma\u00f1ana.<\/p>\n<p>FUENTE: EL NORTE<\/p>\n","protected":false},"excerpt":{"rendered":"<p>Monterrey, M\u00e9xico (22 enero 2020).- El Secretario General de Gobierno, Manuel Gonz\u00e1lez, anunci\u00f3 que se est\u00e1n preparando para la visita que har\u00e1 el Presidente Andr\u00e9s Manuel L\u00f3pez Obrador el pr\u00f3ximo domingo. El funcionario estatal dijo que ma\u00f1ana vendr\u00e1 personal que organiza los eventos del mandatario federal para preparar su visita. Se\u00f1al\u00f3 que los temas que [&hellip;]<\/p>\n","protected":false},"author":9,"featured_media":12577,"comment_status":"open","ping_status":"closed","sticky":false,"template":"","format":"standard","meta":{"footnotes":""},"categories":[19],"tags":[124],"class_list":["post-12576","post","type-post","status-publish","format-standard","has-post-thumbnail","hentry","category-nacional","tag-amlo"],"_links":{"self":[{"href":"https:\/\/laultimapalabra.com.mx\/portal\/wp-json\/wp\/v2\/posts\/12576","targetHints":{"allow":["GET"]}}],"collection":[{"href":"https:\/\/laultimapalabra.com.mx\/portal\/wp-json\/wp\/v2\/posts"}],"about":[{"href":"https:\/\/laultimapalabra.com.mx\/portal\/wp-json\/wp\/v2\/types\/post"}],"author":[{"embeddable":true,"href":"https:\/\/laultimapalabra.com.mx\/portal\/wp-json\/wp\/v2\/users\/9"}],"replies":[{"embeddable":true,"href":"https:\/\/laultimapalabra.com.mx\/portal\/wp-json\/wp\/v2\/comments?post=12576"}],"version-history":[{"count":1,"href":"https:\/\/laultimapalabra.com.mx\/portal\/wp-json\/wp\/v2\/posts\/12576\/revisions"}],"predecessor-version":[{"id":69613,"href":"https:\/\/laultimapalabra.com.mx\/portal\/wp-json\/wp\/v2\/posts\/12576\/revisions\/69613"}],"wp:featuredmedia":[{"embeddable":true,"href":"https:\/\/laultimapalabra.com.mx\/portal\/wp-json\/"}],"wp:attachment":[{"href":"https:\/\/laultimapalabra.com.mx\/portal\/wp-json\/wp\/v2\/media?parent=12576"}],"wp:term":[{"taxonomy":"category","embeddable":true,"href":"https:\/\/laultimapalabra.com.mx\/portal\/wp-json\/wp\/v2\/categories?post=12576"},{"taxonomy":"post_tag","embeddable":true,"href":"https:\/\/laultimapalabra.com.mx\/portal\/wp-json\/wp\/v2\/tags?post=12576"}],"curies":[{"name":"wp","href":"https:\/\/api.w.org\/{rel}","templated":true}]}}