                       {"id":12747,"date":"2020-01-29T15:12:06","date_gmt":"2020-01-29T21:12:06","guid":{"rendered":"http:\/\/laultimapalabra.info\/?p=12747"},"modified":"2024-12-11T10:00:52","modified_gmt":"2024-12-11T16:00:52","slug":"no-tengo-cola-que-me-pisen-eqv","status":"publish","type":"post","link":"https:\/\/laultimapalabra.com.mx\/portal\/no-tengo-cola-que-me-pisen-eqv\/","title":{"rendered":"&#8220;No tengo cola que me pisen&#8221;.- EQV"},"content":{"rendered":"<p style=\"text-align: justify;\"><img loading=\"lazy\" decoding=\"async\" class=\"size-medium wp-image-12748 alignright\" src=\"https:\/\/laultimapalabra.com.mx\/portal\/wp-content\/uploads\/2020\/01\/WhatsApp-Image-2020-01-29-at-10.52.19-AM-300x169.jpeg\" alt=\"\" width=\"300\" height=\"169\" \/>Cadereyta Jim\u00e9nez, N. L.- Fue precisamente en la inauguraci\u00f3n de la Casa de D\u00eda del Adulto Mayor, Ernesto Quintanilla Villarreal dijo necesitar dar la cara a la ciudadan\u00eda y toc\u00f3 el tema de las demandas por corrupci\u00f3n y desvi\u00f3 de recursos que los l\u00edderes de Acci\u00f3n Nacional han hecho desde la semana pasada liderados por el diputado local, Eduardo Leal.<br \/>\nA quien tajantemente le envi\u00f3 el mensaje de que \u201cNo tiene cola que le pisen\u201d, mencionando que su Gobierno seguir\u00e1 trabajando de la misma forma en que lo ha venido haciendo desde el inicio de su Gobierno, puesto que esta ha sido la manera en que ha dado resultados tras sacar adelante deudas heredadas por los mismo panistas y conmin\u00f3 a quien llam\u00f3 en varias ocasiones \u201cJunior\u201d a que se sumara a trabajar por Cadereyta, pues en lo que tiene de diputado nunca ha gestionado o tra\u00eddo ning\u00fan beneficio para este municipio; en lugar de andar realizando denuncias basadas en suposiciones<\/p>\n","protected":false},"excerpt":{"rendered":"<p>Cadereyta Jim\u00e9nez, N. L.- Fue precisamente en la inauguraci\u00f3n de la Casa de D\u00eda del Adulto Mayor, Ernesto Quintanilla Villarreal dijo necesitar dar la cara a la ciudadan\u00eda y toc\u00f3 el tema de las demandas por corrupci\u00f3n y desvi\u00f3 de recursos que los l\u00edderes de Acci\u00f3n Nacional han hecho desde la semana pasada liderados por [&hellip;]<\/p>\n","protected":false},"author":9,"featured_media":12748,"comment_status":"open","ping_status":"closed","sticky":false,"template":"","format":"standard","meta":{"footnotes":""},"categories":[17],"tags":[507,905,990],"class_list":["post-12747","post","type-post","status-publish","format-standard","has-post-thumbnail","hentry","category-locales-cadereyta","tag-cdm-pan-cadereyta","tag-eduardo-leal-buenfil","tag-ernesto-quintanilla"],"_links":{"self":[{"href":"https:\/\/laultimapalabra.com.mx\/portal\/wp-json\/wp\/v2\/posts\/12747","targetHints":{"allow":["GET"]}}],"collection":[{"href":"https:\/\/laultimapalabra.com.mx\/portal\/wp-json\/wp\/v2\/posts"}],"about":[{"href":"https:\/\/laultimapalabra.com.mx\/portal\/wp-json\/wp\/v2\/types\/post"}],"author":[{"embeddable":true,"href":"https:\/\/laultimapalabra.com.mx\/portal\/wp-json\/wp\/v2\/users\/9"}],"replies":[{"embeddable":true,"href":"https:\/\/laultimapalabra.com.mx\/portal\/wp-json\/wp\/v2\/comments?post=12747"}],"version-history":[{"count":1,"href":"https:\/\/laultimapalabra.com.mx\/portal\/wp-json\/wp\/v2\/posts\/12747\/revisions"}],"predecessor-version":[{"id":69699,"href":"https:\/\/laultimapalabra.com.mx\/portal\/wp-json\/wp\/v2\/posts\/12747\/revisions\/69699"}],"wp:featuredmedia":[{"embeddable":true,"href":"https:\/\/laultimapalabra.com.mx\/portal\/wp-json\/"}],"wp:attachment":[{"href":"https:\/\/laultimapalabra.com.mx\/portal\/wp-json\/wp\/v2\/media?parent=12747"}],"wp:term":[{"taxonomy":"category","embeddable":true,"href":"https:\/\/laultimapalabra.com.mx\/portal\/wp-json\/wp\/v2\/categories?post=12747"},{"taxonomy":"post_tag","embeddable":true,"href":"https:\/\/laultimapalabra.com.mx\/portal\/wp-json\/wp\/v2\/tags?post=12747"}],"curies":[{"name":"wp","href":"https:\/\/api.w.org\/{rel}","templated":true}]}}