                       {"id":12750,"date":"2020-01-29T15:24:30","date_gmt":"2020-01-29T21:24:30","guid":{"rendered":"http:\/\/laultimapalabra.info\/?p=12750"},"modified":"2024-12-11T10:00:52","modified_gmt":"2024-12-11T16:00:52","slug":"demandara-eqv-a-eduardo-leal-por-difamacion","status":"publish","type":"post","link":"https:\/\/laultimapalabra.com.mx\/portal\/demandara-eqv-a-eduardo-leal-por-difamacion\/","title":{"rendered":"Demandar\u00e1 EQV a Eduardo Leal por difamaci\u00f3n"},"content":{"rendered":"<p style=\"text-align: justify;\"><img loading=\"lazy\" decoding=\"async\" class=\"size-full wp-image-12752 alignleft\" src=\"https:\/\/laultimapalabra.com.mx\/portal\/wp-content\/uploads\/2020\/01\/descarga.jpg\" alt=\"\" width=\"190\" height=\"266\" \/>Cadereyta Jim\u00e9nez, N. L- Con un semblante seguro y relajado, en el marco de la inauguraci\u00f3n de la Casa de D\u00eda del Adulto Mayor, Ernesto Quintanilla tambi\u00e9n anunci\u00f3 que tras entregar la documentaci\u00f3n que la Fiscal\u00eda Anticorrupci\u00f3n le ha solicitado por la demanda sobre el tema del 5% que supuestamente les quita a los empleados, definitivamente demandar\u00e1 al legislador albiazul, Eduardo Leal Buenfil por difamaci\u00f3n; esto ya despu\u00e9s de que se d\u00e9 el fallo sobre dicha demanda el cual est\u00e1 seguro ser\u00e1 a su favor.<\/p>\n","protected":false},"excerpt":{"rendered":"<p>Cadereyta Jim\u00e9nez, N. L- Con un semblante seguro y relajado, en el marco de la inauguraci\u00f3n de la Casa de D\u00eda del Adulto Mayor, Ernesto Quintanilla tambi\u00e9n anunci\u00f3 que tras entregar la documentaci\u00f3n que la Fiscal\u00eda Anticorrupci\u00f3n le ha solicitado por la demanda sobre el tema del 5% que supuestamente les quita a los empleados, [&hellip;]<\/p>\n","protected":false},"author":9,"featured_media":12751,"comment_status":"open","ping_status":"closed","sticky":false,"template":"","format":"standard","meta":{"footnotes":""},"categories":[17],"tags":[24,905,990,1692,1695],"class_list":["post-12750","post","type-post","status-publish","format-standard","has-post-thumbnail","hentry","category-locales-cadereyta","tag-24","tag-eduardo-leal-buenfil","tag-ernesto-quintanilla","tag-pan-cadereyta","tag-pan-nl"],"_links":{"self":[{"href":"https:\/\/laultimapalabra.com.mx\/portal\/wp-json\/wp\/v2\/posts\/12750","targetHints":{"allow":["GET"]}}],"collection":[{"href":"https:\/\/laultimapalabra.com.mx\/portal\/wp-json\/wp\/v2\/posts"}],"about":[{"href":"https:\/\/laultimapalabra.com.mx\/portal\/wp-json\/wp\/v2\/types\/post"}],"author":[{"embeddable":true,"href":"https:\/\/laultimapalabra.com.mx\/portal\/wp-json\/wp\/v2\/users\/9"}],"replies":[{"embeddable":true,"href":"https:\/\/laultimapalabra.com.mx\/portal\/wp-json\/wp\/v2\/comments?post=12750"}],"version-history":[{"count":1,"href":"https:\/\/laultimapalabra.com.mx\/portal\/wp-json\/wp\/v2\/posts\/12750\/revisions"}],"predecessor-version":[{"id":69701,"href":"https:\/\/laultimapalabra.com.mx\/portal\/wp-json\/wp\/v2\/posts\/12750\/revisions\/69701"}],"wp:featuredmedia":[{"embeddable":true,"href":"https:\/\/laultimapalabra.com.mx\/portal\/wp-json\/"}],"wp:attachment":[{"href":"https:\/\/laultimapalabra.com.mx\/portal\/wp-json\/wp\/v2\/media?parent=12750"}],"wp:term":[{"taxonomy":"category","embeddable":true,"href":"https:\/\/laultimapalabra.com.mx\/portal\/wp-json\/wp\/v2\/categories?post=12750"},{"taxonomy":"post_tag","embeddable":true,"href":"https:\/\/laultimapalabra.com.mx\/portal\/wp-json\/wp\/v2\/tags?post=12750"}],"curies":[{"name":"wp","href":"https:\/\/api.w.org\/{rel}","templated":true}]}}