                       {"id":12777,"date":"2020-01-30T16:25:03","date_gmt":"2020-01-30T22:25:03","guid":{"rendered":"http:\/\/laultimapalabra.info\/?p=12777"},"modified":"2024-12-11T10:00:53","modified_gmt":"2024-12-11T16:00:53","slug":"reportan-banda-de-asaltantes-armados-en-carretera-cadereyta-san-mateo","status":"publish","type":"post","link":"https:\/\/laultimapalabra.com.mx\/portal\/reportan-banda-de-asaltantes-armados-en-carretera-cadereyta-san-mateo\/","title":{"rendered":"Reportan banda de asaltantes armados en carretera Cadereyta &#8211; San Mateo"},"content":{"rendered":"<p style=\"text-align: justify;\"><img loading=\"lazy\" decoding=\"async\" class=\"size-medium wp-image-12778 alignright\" src=\"https:\/\/laultimapalabra.com.mx\/portal\/wp-content\/uploads\/2020\/01\/WhatsApp-Image-2020-01-30-at-10.26.21-AM-300x169.jpeg\" alt=\"\" width=\"300\" height=\"169\" \/>Cadereyta Jim\u00e9nez, N. L.- Pidi\u00e9ndole a la poblaci\u00f3n extreme precauciones al transitar por la carretera Cadereyta San Mateo, ya que se han tenido reportes de una banda de asaltantes armados, quienes la noche de ayer despu\u00e9s de despojar a un ciudadano de sus pertenencias y bajarlo de su veh\u00edculo, le aventaron una bomba molotov a \u00e9ste; ocasionando el incendio del autom\u00f3vil. Los hechos se suscitaron anoche aproximadamente a las 10:30 pm, tras lo que el afectado acudi\u00f3 a las autoridades correspondientes para realizar la denuncia pertinente.<\/p>\n<p style=\"text-align: justify;\">\n","protected":false},"excerpt":{"rendered":"<p>Cadereyta Jim\u00e9nez, N. L.- Pidi\u00e9ndole a la poblaci\u00f3n extreme precauciones al transitar por la carretera Cadereyta San Mateo, ya que se han tenido reportes de una banda de asaltantes armados, quienes la noche de ayer despu\u00e9s de despojar a un ciudadano de sus pertenencias y bajarlo de su veh\u00edculo, le aventaron una bomba molotov a [&hellip;]<\/p>\n","protected":false},"author":9,"featured_media":12778,"comment_status":"open","ping_status":"closed","sticky":false,"template":"","format":"standard","meta":{"footnotes":""},"categories":[8,9],"tags":[189],"class_list":["post-12777","post","type-post","status-publish","format-standard","has-post-thumbnail","hentry","category-seguridad","category-seguridad-cadereyta","tag-asaltos-cadereyta"],"_links":{"self":[{"href":"https:\/\/laultimapalabra.com.mx\/portal\/wp-json\/wp\/v2\/posts\/12777","targetHints":{"allow":["GET"]}}],"collection":[{"href":"https:\/\/laultimapalabra.com.mx\/portal\/wp-json\/wp\/v2\/posts"}],"about":[{"href":"https:\/\/laultimapalabra.com.mx\/portal\/wp-json\/wp\/v2\/types\/post"}],"author":[{"embeddable":true,"href":"https:\/\/laultimapalabra.com.mx\/portal\/wp-json\/wp\/v2\/users\/9"}],"replies":[{"embeddable":true,"href":"https:\/\/laultimapalabra.com.mx\/portal\/wp-json\/wp\/v2\/comments?post=12777"}],"version-history":[{"count":1,"href":"https:\/\/laultimapalabra.com.mx\/portal\/wp-json\/wp\/v2\/posts\/12777\/revisions"}],"predecessor-version":[{"id":69711,"href":"https:\/\/laultimapalabra.com.mx\/portal\/wp-json\/wp\/v2\/posts\/12777\/revisions\/69711"}],"wp:featuredmedia":[{"embeddable":true,"href":"https:\/\/laultimapalabra.com.mx\/portal\/wp-json\/"}],"wp:attachment":[{"href":"https:\/\/laultimapalabra.com.mx\/portal\/wp-json\/wp\/v2\/media?parent=12777"}],"wp:term":[{"taxonomy":"category","embeddable":true,"href":"https:\/\/laultimapalabra.com.mx\/portal\/wp-json\/wp\/v2\/categories?post=12777"},{"taxonomy":"post_tag","embeddable":true,"href":"https:\/\/laultimapalabra.com.mx\/portal\/wp-json\/wp\/v2\/tags?post=12777"}],"curies":[{"name":"wp","href":"https:\/\/api.w.org\/{rel}","templated":true}]}}