                       {"id":1279,"date":"2018-04-20T00:29:36","date_gmt":"2018-04-20T00:29:36","guid":{"rendered":"http:\/\/laultimapalabra.info\/?p=1279"},"modified":"2024-12-11T08:37:08","modified_gmt":"2024-12-11T14:37:08","slug":"amlo","status":"publish","type":"post","link":"https:\/\/laultimapalabra.com.mx\/portal\/amlo\/","title":{"rendered":"AMLO"},"content":{"rendered":"<p style=\"text-align: justify;\"><img loading=\"lazy\" decoding=\"async\" class=\"size-medium wp-image-253 alignright\" src=\"https:\/\/laultimapalabra.com.mx\/portal\/wp-content\/uploads\/2018\/02\/DAVID-LOPEZ-281x300.jpg\" alt=\"\" width=\"281\" height=\"300\" \/>Por: David L\u00f3pez<br \/>\nSeg\u00fan las encuestas, L\u00f3pez Obrador podr\u00eda ser el pr\u00f3ximo Presidente de M\u00e9xico. Nos guste o no, estemos de acuerdo con \u00e9l o no, AMLO es el pol\u00edtico m\u00e1s importante de M\u00e9xico en la actualidad y quien ha dictado la agenda de un tiempo a la fecha. A pesar de que su popularidad sigue en ascenso y de que las encuestas lo muestran imparable en la carrera presidencial, a\u00fan hay un gran sector de la sociedad que no comulga con \u00e9l, ni con sus ideas, ni con su persona, ni con nada que tenga que ver con &#8220;el Peje&#8221;. El analista pol\u00edtico Hern\u00e1n G\u00f3mez Bruera llam\u00f3 a esta animadversi\u00f3n hacia el tabasque\u00f1o como &#8220;pejefobia&#8221; o &#8220;AMLOfobia&#8221;. Para Hern\u00e1n el miedo infundado e irracional hacia L\u00f3pez Obrador obedece a prejuicios y a estigmas sociales. Racismo y discriminaci\u00f3n se conjugan en contra de este personaje de origen humilde, que pretende ocupar un espacio de poder reservado para las \u00e9lites. Hasta ahora, los detractores de AMLO han demostrado que la tesis de Hern\u00e1n G\u00f3mez podr\u00eda ser cierta. Y es que cuando se descalifica al personaje, los argumentos son los mismos que toda la vida sus adversarios han utilizado para denostarlo. Soberbio, populista, mesi\u00e1nico, revoltoso, caudillo, loco, mal hablado, eg\u00f3latra, necio, conservador y pol\u00edticamente incorrecto, pero hasta ah\u00ed, no hay m\u00e1s. Todos adjetivos denotativos y que en gran medida fueron acu\u00f1ados cuando Felipe Calder\u00f3n y quienes lo impulsaron, decidieron que se trataba de &#8220;Un peligro para M\u00e9xico&#8221;. Sin embargo, y en los hechos, el tiempo demostr\u00f3 y puso a cada quien en su lugar. La biograf\u00eda de cada personaje de la vida p\u00fablica de M\u00e9xico y el mundo, los retrata de cuerpo entero, sus historias y legado ah\u00ed est\u00e1n, no mienten. La contundencia de los hechos es irrefutable. Por lo tanto, las descalificaciones hacia AMLO no encuentran mayor sustento que en el hecho de la antipat\u00eda que provoca, la mala fama y en nuestro clasismo, tan arraigado en M\u00e9xico desde los tiempos de la colonia. L\u00f3pez Obrador no es &#8220;nice&#8221;, ni viste de etiqueta. Su manera de hablar tampoco es refinada ni &#8220;fresa&#8221;. Sus gustos no son &#8220;exquisitos&#8221; ni tampoco habla ingl\u00e9s ni franc\u00e9s como Anaya. Posgrados en el extranjero como Meade, tampoco tiene. M\u00e1s bien se trata de un hombre que sali\u00f3 del pueblo y que por ello, lo conoce como la palma de su mano. Sin embargo, a pesar de su &#8220;incultura&#8221; ha escrito 16 libros cuyas ventas siempre est\u00e1n al alza. Desde sus inicios como servidor p\u00fablico, mostr\u00f3 inclinaci\u00f3n por los pobres, por los marginados, por los chontales y campesinos, por los afectados por la industria petrolera. A todos ellos defendi\u00f3 y por ellos hizo marchas y plantones. Este &#8220;pol\u00edtico inc\u00f3modo&#8221; fue quien denunci\u00f3 a Roberto Madrazo por haber gastado en la campa\u00f1a estatal de Tabasco del 94, m\u00e1s que Bill Clinton por la Presidencia de Estados Unidos. Este &#8220;alborotador&#8221; logr\u00f3 que Cuauht\u00e9moc C\u00e1rdenas fuera el primer Jefe de Gobierno electo de manera democr\u00e1tica en el D.F. cuando estuvo al frente del PRD. Es este &#8220;majadero&#8221; el que acumul\u00f3 una aprobaci\u00f3n del 84% de los capitalinos como alcalde de la ciudad, el mayor grado de aceptaci\u00f3n de pol\u00edtico alguno en la historia de M\u00e9xico. Este &#8220;mes\u00edas tropical&#8221; fue quien brind\u00f3 pensi\u00f3n mensual a los adultos mayores, apoyo a las personas con discapacidad y a las madres solteras, \u00fatiles escolares para estudiantes de escasos recursos, ampliaci\u00f3n y rehabilitaci\u00f3n de viviendas populares, combate a la delincuencia, subsidio a la leche Liconsa, la Universidad del D.F., el segundo piso del Perif\u00e9rico, la rehabilitaci\u00f3n del Centro Hist\u00f3rico y la primera l\u00ednea del Metrob\u00fas. Este &#8220;peligro para M\u00e9xico&#8221; fue a quien Vicente Fox trat\u00f3 de quitar del camino mediante el &#8220;desafuero&#8221;. Muchos a\u00fan no le perdonan a este &#8220;loco&#8221; el plant\u00f3n en Reforma. Pero claro, era el &#8220;maldito&#8221; Obrador y hab\u00eda que quemarlo en le\u00f1a verde. En contrasentido, qued\u00f3 el legado de Felipe Calder\u00f3n y sus m\u00e1s de 100 mil muertos y miles de desaparecidos, en una fallida guerra contra el narco que a\u00fan llena de luto y dolor a M\u00e9xico. Fue tan malo el gobierno de FCH que s\u00f3lo as\u00ed se puede entender el regreso del PRI al poder. Todo ello aunado a la sobreexposici\u00f3n medi\u00e1tica y an\u00f3mala de Pe\u00f1a Nieto, con la televisi\u00f3n comercial a la cabeza, adem\u00e1s de la compra de votos y voluntades. El recuento de los da\u00f1os de esta desastrosa administraci\u00f3n, no es un secreto para nadie. Es este &#8220;desgraciado&#8221;, el &#8220;maldito&#8221; de Obrador quien encabeza las encuestas en 2018 y que ha prometido que luchar\u00e1 contra la corrupci\u00f3n, bajar\u00e1 los salarios de la alta burocracia, combatir\u00e1 las causas de la violencia mediante educaci\u00f3n y empleo, acabar\u00e1 con los monopolios al crear competencia, bajar\u00e1 la gasolina, quitar\u00e1 los privilegios fiscales para las grandes empresas y las pensiones a ex presidentes, crear\u00e1 un gobierno austero y fomentar\u00e1 los valores y principios morales, Es este &#8220;pinche peje&#8221; que tanto &#8220;caga&#8221; a muchos, el que nos enfrenta, el que nos confronta, el que podr\u00eda hacer la diferencia en este M\u00e9xico que necesita con urgencia, otra forma de gobernantes y gobierno.- Tony Aguirre.<br \/>\n(HASTA LA PR\u00d3XIMA SDQ)<\/p>\n","protected":false},"excerpt":{"rendered":"<p>Por: David L\u00f3pez Seg\u00fan las encuestas, L\u00f3pez Obrador podr\u00eda ser el pr\u00f3ximo Presidente de M\u00e9xico. Nos guste o no, estemos de acuerdo con \u00e9l o no, AMLO es el pol\u00edtico m\u00e1s importante de M\u00e9xico en la actualidad y quien ha dictado la agenda de un tiempo a la fecha. A pesar de que su popularidad [&hellip;]<\/p>\n","protected":false},"author":9,"featured_media":253,"comment_status":"open","ping_status":"closed","sticky":false,"template":"","format":"standard","meta":{"footnotes":""},"categories":[1],"tags":[755],"class_list":["post-1279","post","type-post","status-publish","format-standard","has-post-thumbnail","hentry","category-noticias","tag-david-lopez"],"_links":{"self":[{"href":"https:\/\/laultimapalabra.com.mx\/portal\/wp-json\/wp\/v2\/posts\/1279","targetHints":{"allow":["GET"]}}],"collection":[{"href":"https:\/\/laultimapalabra.com.mx\/portal\/wp-json\/wp\/v2\/posts"}],"about":[{"href":"https:\/\/laultimapalabra.com.mx\/portal\/wp-json\/wp\/v2\/types\/post"}],"author":[{"embeddable":true,"href":"https:\/\/laultimapalabra.com.mx\/portal\/wp-json\/wp\/v2\/users\/9"}],"replies":[{"embeddable":true,"href":"https:\/\/laultimapalabra.com.mx\/portal\/wp-json\/wp\/v2\/comments?post=1279"}],"version-history":[{"count":1,"href":"https:\/\/laultimapalabra.com.mx\/portal\/wp-json\/wp\/v2\/posts\/1279\/revisions"}],"predecessor-version":[{"id":63697,"href":"https:\/\/laultimapalabra.com.mx\/portal\/wp-json\/wp\/v2\/posts\/1279\/revisions\/63697"}],"wp:featuredmedia":[{"embeddable":true,"href":"https:\/\/laultimapalabra.com.mx\/portal\/wp-json\/"}],"wp:attachment":[{"href":"https:\/\/laultimapalabra.com.mx\/portal\/wp-json\/wp\/v2\/media?parent=1279"}],"wp:term":[{"taxonomy":"category","embeddable":true,"href":"https:\/\/laultimapalabra.com.mx\/portal\/wp-json\/wp\/v2\/categories?post=1279"},{"taxonomy":"post_tag","embeddable":true,"href":"https:\/\/laultimapalabra.com.mx\/portal\/wp-json\/wp\/v2\/tags?post=1279"}],"curies":[{"name":"wp","href":"https:\/\/api.w.org\/{rel}","templated":true}]}}