                       {"id":128,"date":"2018-02-01T21:58:35","date_gmt":"2018-02-01T21:58:35","guid":{"rendered":"http:\/\/laultimapalabra.info\/?p=128"},"modified":"2024-12-11T08:36:53","modified_gmt":"2024-12-11T14:36:53","slug":"choca-moto-contra-taxi-dos-heridos","status":"publish","type":"post","link":"https:\/\/laultimapalabra.com.mx\/portal\/choca-moto-contra-taxi-dos-heridos\/","title":{"rendered":"Choca moto contra  taxi; dos heridos"},"content":{"rendered":"<p style=\"text-align: justify;\"><img loading=\"lazy\" decoding=\"async\" class=\"size-medium wp-image-162 alignleft\" src=\"https:\/\/laultimapalabra.com.mx\/portal\/wp-content\/uploads\/2018\/02\/DSCN7385-300x225.jpg\" alt=\"\" width=\"300\" height=\"225\" \/>Miguel Oscar P\u00e9rez<\/p>\n<p style=\"text-align: justify;\">Cd. Benito Ju\u00e1rez, N. L.- Dos personas lesionadas fue el saldo de un choque entre una motocicleta y un taxi en la avenida Te\u00f3filo Salinas de esta ciudad.<\/p>\n<p style=\"text-align: justify;\">Los hechos se suscitaron el pasado viernes por la noche, cuando un motociclista se impact\u00f3 contra un taxi pirata cuyo conductor dio una vuelta sin precauci\u00f3n chocando el fr\u00e1gil veh\u00edculo de un repartidor con el auto de alquiler.<\/p>\n<p style=\"text-align: justify;\">El impacto fue en la puerta trasera volando el motociclista como siete metros para caer en el fr\u00edo pavimento, mientras que una pasajera del taxi de nombre Rosa Cruz Mendoza, quien se dol\u00eda de fuerte golpe en el cuello y en la espalda.<\/p>\n<p style=\"text-align: justify;\">En el asfalto qued\u00f3 con una lesi\u00f3n en su cabeza Sergio Gonz\u00e1lez Ovanda, quien labora como repartidor en una carnicer\u00eda, y quien tripulaba una motocicleta marca Honda, placas EXP6N.<\/p>\n<p style=\"text-align: justify;\">El repartidor lesionado, intentaba pararse ya que se sospechaba estaba en estado de ebriedad, sin embargo, el percance fue propiciado por el taxista del Tsuru placas STZ 6848, pero tocar\u00e1 a la Agencia del Ministerio P\u00fablico en Asuntos Viales deslindar responsabilidades.<\/p>\n<p style=\"text-align: justify;\">Los lesionados fueron atendidos por param\u00e9dicos de la unidad 14 de Protecci\u00f3n Civil, quienes trasladaron a los heridos a un nosocomio, mientras que el conductor del taxi quedaba a resguardo en tr\u00e1nsito municipa<\/p>\n","protected":false},"excerpt":{"rendered":"<p>Miguel Oscar P\u00e9rez Cd. Benito Ju\u00e1rez, N. L.- Dos personas lesionadas fue el saldo de un choque entre una motocicleta y un taxi en la avenida Te\u00f3filo Salinas de esta ciudad. Los hechos se suscitaron el pasado viernes por la noche, cuando un motociclista se impact\u00f3 contra un taxi pirata cuyo conductor dio una vuelta [&hellip;]<\/p>\n","protected":false},"author":9,"featured_media":162,"comment_status":"open","ping_status":"closed","sticky":false,"template":"","format":"standard","meta":{"footnotes":""},"categories":[18,8],"tags":[547],"class_list":["post-128","post","type-post","status-publish","format-standard","has-post-thumbnail","hentry","category-locales-juarez","category-seguridad","tag-choque-moto-con-taxi"],"_links":{"self":[{"href":"https:\/\/laultimapalabra.com.mx\/portal\/wp-json\/wp\/v2\/posts\/128","targetHints":{"allow":["GET"]}}],"collection":[{"href":"https:\/\/laultimapalabra.com.mx\/portal\/wp-json\/wp\/v2\/posts"}],"about":[{"href":"https:\/\/laultimapalabra.com.mx\/portal\/wp-json\/wp\/v2\/types\/post"}],"author":[{"embeddable":true,"href":"https:\/\/laultimapalabra.com.mx\/portal\/wp-json\/wp\/v2\/users\/9"}],"replies":[{"embeddable":true,"href":"https:\/\/laultimapalabra.com.mx\/portal\/wp-json\/wp\/v2\/comments?post=128"}],"version-history":[{"count":1,"href":"https:\/\/laultimapalabra.com.mx\/portal\/wp-json\/wp\/v2\/posts\/128\/revisions"}],"predecessor-version":[{"id":63141,"href":"https:\/\/laultimapalabra.com.mx\/portal\/wp-json\/wp\/v2\/posts\/128\/revisions\/63141"}],"wp:featuredmedia":[{"embeddable":true,"href":"https:\/\/laultimapalabra.com.mx\/portal\/wp-json\/"}],"wp:attachment":[{"href":"https:\/\/laultimapalabra.com.mx\/portal\/wp-json\/wp\/v2\/media?parent=128"}],"wp:term":[{"taxonomy":"category","embeddable":true,"href":"https:\/\/laultimapalabra.com.mx\/portal\/wp-json\/wp\/v2\/categories?post=128"},{"taxonomy":"post_tag","embeddable":true,"href":"https:\/\/laultimapalabra.com.mx\/portal\/wp-json\/wp\/v2\/tags?post=128"}],"curies":[{"name":"wp","href":"https:\/\/api.w.org\/{rel}","templated":true}]}}