                       {"id":12808,"date":"2020-01-30T20:47:51","date_gmt":"2020-01-31T02:47:51","guid":{"rendered":"http:\/\/laultimapalabra.info\/?p=12808"},"modified":"2024-12-11T10:00:53","modified_gmt":"2024-12-11T16:00:53","slug":"la-guarida-del-mapache-96","status":"publish","type":"post","link":"https:\/\/laultimapalabra.com.mx\/portal\/la-guarida-del-mapache-96\/","title":{"rendered":"La Guarida del Mapache"},"content":{"rendered":"<p><img loading=\"lazy\" decoding=\"async\" class=\"size-medium wp-image-155 alignleft\" src=\"https:\/\/laultimapalabra.com.mx\/portal\/wp-content\/uploads\/2018\/02\/mapache-300x282.jpeg\" alt=\"\" width=\"300\" height=\"282\" \/>Por: El Mapache<\/p>\n<p style=\"text-align: justify;\">\u00bfQu\u00e9 onda mi raza mapachuda? Oigan no s\u00e9 si se dieron cuenta compis pero la semanuca pasada hasta espacio me falt\u00f3 para cotorrearles todo lo que se tra\u00eda entre manos este pueblo m\u00e1gico jejeje, pero para no quedarme con ello d\u00e9jenme les cotorreo lo que me falt\u00f3.<br \/>\nTUPIDO<br \/>\nComo recordaran, pues al \u201cBigotes\u201d Quintanilla la semanuca pasada le llovi\u00f3 sobre mojado y pues no se pod\u00eda quedar sin tocar uno de los eslabones mas d\u00e9biles que tiene su cadena de mando ah\u00ed dentro del \u201cPalace\u201d compis, si ya saben la buen \u201cGilary Krdoza\u201d, quien al parecer en los \u00faltimos tiempos aquello de ser sensato y sensible en el trato con los dem\u00e1s como que se le ha estado olvidando.<br \/>\nPASADO<br \/>\nY no es ya noticia ni asombra que el tipo acepte su pasado delictivo, no se\u00f1or, eso ya no es novedad; as\u00ed como no lo es para cualquier edil que le d\u00e9 chamba que en un momento u otro le van a querer \u201cpegar\u201d por ah\u00ed, aqu\u00ed lo sorprendente, sobretodo porque no suced\u00eda cuando la \u201cGilary\u201d laboraba para el \u201cBurroTello\u201d Arizpe, es que sea medio \u201cgolpeado\u201d para hablarle a la raza, eso s\u00ed con los tricolores no se hab\u00eda visto compis.<br \/>\nESTR\u00c9S<br \/>\nIgual y anda estresado o trae broncas con el novio, o es la carencia de \u00e9ste; pero lo cierto es que si se nota la diferencia raza jejeje uno se lo menciona por su bien y el de la imagen de la administration m\u00e1s que nada jejeje.<br \/>\nPAN?<br \/>\nLo que si de plano sorprendi\u00f3 aqu\u00ed a su servilleta, es que en la entrevista que dio a medios de Monterrey dijo que ya hab\u00eda jala\u2019o con el Pri, con el PAN y con el Verde!!! Y de \u2018los tricolores\u2019 as\u00ed como de \u2018los inmaduros\u2019 pues si me di cuenta raza, jejeje pero lo de los azules s\u00ed que se lo ten\u00eda pero que si bien guardado compis, en fin, ya investigaremos cuando y en qu\u00e9 labor\u00f3 con ellos.<br \/>\nDECEPCIONADO<br \/>\nY la neta de los eventucos de la semana pasada compis, el \u00fanico que no me gust\u00f3 porque esperaba m\u00e1s fue lo de la brigada, no porque no haya cumplido su cometido, no se\u00f1or, sino porque esperaba ver en todo su esplendor aquello de la zona dorada jejeje y si, el del jale del estado se sac\u00f3 de la manga la respuesta de que toooodas las brigadas tra\u00edan jale para todas las edades, e igual es cierto, pero aqu\u00ed su servilleta ya ve\u00eda un \u00e1rea exclusiva donde se atendiera a los grupos vulnerables en cuesti\u00f3n de empleo, pero bueno los que quedaron mal fueron los del estado junto con aquello de las actas de nacimiento.<br \/>\nACLARANDO<br \/>\nY al que quiere hacer como que se le olvida, pero aqu\u00ed estamos para record\u00e1rselo es a Lalo \u201cel chupitos\u201d Leal, quien d\u00e9jenme les comento raza que ES UN DIPUTADO QUE REPRESENTA S\u00d3LO AL PAN, no representa a los ciudadanos, ya que \u00c9L PERDI\u00d3 LA ELECCI\u00d3N CONSTITUCIONAL Y EL PAN LO PUSO COMO DIPUTADO PLURINOMINAL, en la Ley electoral de New Lion no existen mas que los que ganaron la elecci\u00f3n y los Pluris, lo que quiere decir a todas luces que el susodicho defiende los intereses del Pan, no de la gente; porque representa al Pan, No a la gente, as\u00ed que de mas est\u00e1 hacerle caso a toda su maroma y circo que hizo la semanuca pasada quesque demandando al \u201cBigotes\u201d Quintanilla jejeje, as\u00ed le hubiera hecho con el doc \u201cDe$pre$iado\u201d cuando fue \u201crugi\u201d, ah\u00ed s\u00ed ni pio dec\u00eda jejeje.<br \/>\nFEMALE STYLE<br \/>\nY esta semana aparte de todas las demandas y exageraciones que el Lalo \u201cchupitos\u201d Leal pareciera que quiere alcanzar la fama sea como sea jejeje porque lo pudimos observar c\u00f3mo le \u201cexplot\u00f3\u201d su Female Style mientras interpretaba una canci\u00f3n en un video donde la mera verdad, la neta del planeta lo que mas lejos se le ve\u00eda era su lado masculino raza jejeje, lo delicado y flor del campo le \u201cbrot\u00f3\u201d sin querer queriendo jejejeje nada m\u00e1s nos falta que le quiera hacer la competencia a la \u201cGilary Krdoza\u201d jejeje.<br \/>\nRIDICULO.<br \/>\nYo aqu\u00ed lo \u00fanico que digo compis, es que el ni\u00f1o nada m\u00e1s anda haci\u00e9ndose el rid\u00edculo jejejeje porque hasta cree que eso del 5% los \u201cGreen\u201d lo manejaron mediante nomina, no mano no, por ah\u00ed no va la cosa jejeje una pr\u00e1ctica tan vieja no se va a cometer con errores como si fueran novatos caray, de verdad que deber\u00eda revisar bien por donde \u201ctiran\u201d porque la neta es que hay por donde \u201ccortar\u201d cabezas de a de veras hombre, nom\u00e1s que se andan enquehacerando con cosas que ni al caso.<br \/>\nSUBE<br \/>\nY en tema m\u00e1s agradable raza, d\u00e9jenme les digo que va allegar m\u00e1s lanita para aquello de la seguridad, y el que debe andar supeeeer contentote es ni m\u00e1s ni menos que el brother del ex dirigente del tricolor, si hombre el Ricky \u201cMeencharcas\u201d quien adem\u00e1s de ser el enlace entre Fortaseg y el muni, pues con la idea que trae \u201cBigotes\u201d Quintanilla de comprar c\u00e1maras pa\u2019 las patrullas y pa\u2019 los 25, pues probablemente a \u00e9l le vaya bien, porque ya saben que conoce muuuy bien ese mercado compis, ya veremos dijo un ciego si no le gana la ambici\u00f3n y se descara jejeje.<br \/>\nABUES<br \/>\nY otra de las buenas en esta semanuca fue ni m\u00e1s ni menos compis que la inauguraci\u00f3n de la Casa de D\u00eda del Adulto Mayor, espacio chido pa\u2019 todos los abues del muni raza, donde se van a poder entretener y sentirse acompa\u00f1ados, labor muy aplaudible por parte del Gobierno de nuestro C\u00e1diz la neta, eso s\u00ed, durante el evento quedo muy claro qui\u00e9n manda en la casa del \u201cBigotes\u201d Quintanilla jejeje porque dijo la \u201cNumber One, Marthita de los Cisnes\u201d jejeje que ya lo ten\u00eda bien apalabrado con la segunda fase del edificio de esta dependencia, as\u00ed que los abues pueden estar seguros de contar con ella, porque cuando ella dice agua va\u2026pues va.<br \/>\nNOVELA<br \/>\nVeremos en qu\u00e9 queda todo este dram\u00f3n de denuncias y desperfectos raza jejeje y de qu\u00e9 cuero salen m\u00e1s correas, pero eso si, como sugerencia yo le recomendar\u00eda a los \u201cpitufos\u201d que busquen bien, ya que talones de Aquiles la administration tiene y muchos, que investiguen bien antes de hacer los rid\u00edculos que andan haciendo jejeje yo por ellos\u2026.La vemos.<\/p>\n","protected":false},"excerpt":{"rendered":"<p>Por: El Mapache \u00bfQu\u00e9 onda mi raza mapachuda? Oigan no s\u00e9 si se dieron cuenta compis pero la semanuca pasada hasta espacio me falt\u00f3 para cotorrearles todo lo que se tra\u00eda entre manos este pueblo m\u00e1gico jejeje, pero para no quedarme con ello d\u00e9jenme les cotorreo lo que me falt\u00f3. TUPIDO Como recordaran, pues al [&hellip;]<\/p>\n","protected":false},"author":9,"featured_media":155,"comment_status":"open","ping_status":"closed","sticky":false,"template":"","format":"standard","meta":{"footnotes":""},"categories":[1],"tags":[940],"class_list":["post-12808","post","type-post","status-publish","format-standard","has-post-thumbnail","hentry","category-noticias","tag-el-mapache-la-guarida-del-mapache"],"_links":{"self":[{"href":"https:\/\/laultimapalabra.com.mx\/portal\/wp-json\/wp\/v2\/posts\/12808","targetHints":{"allow":["GET"]}}],"collection":[{"href":"https:\/\/laultimapalabra.com.mx\/portal\/wp-json\/wp\/v2\/posts"}],"about":[{"href":"https:\/\/laultimapalabra.com.mx\/portal\/wp-json\/wp\/v2\/types\/post"}],"author":[{"embeddable":true,"href":"https:\/\/laultimapalabra.com.mx\/portal\/wp-json\/wp\/v2\/users\/9"}],"replies":[{"embeddable":true,"href":"https:\/\/laultimapalabra.com.mx\/portal\/wp-json\/wp\/v2\/comments?post=12808"}],"version-history":[{"count":1,"href":"https:\/\/laultimapalabra.com.mx\/portal\/wp-json\/wp\/v2\/posts\/12808\/revisions"}],"predecessor-version":[{"id":69729,"href":"https:\/\/laultimapalabra.com.mx\/portal\/wp-json\/wp\/v2\/posts\/12808\/revisions\/69729"}],"wp:featuredmedia":[{"embeddable":true,"href":"https:\/\/laultimapalabra.com.mx\/portal\/wp-json\/"}],"wp:attachment":[{"href":"https:\/\/laultimapalabra.com.mx\/portal\/wp-json\/wp\/v2\/media?parent=12808"}],"wp:term":[{"taxonomy":"category","embeddable":true,"href":"https:\/\/laultimapalabra.com.mx\/portal\/wp-json\/wp\/v2\/categories?post=12808"},{"taxonomy":"post_tag","embeddable":true,"href":"https:\/\/laultimapalabra.com.mx\/portal\/wp-json\/wp\/v2\/tags?post=12808"}],"curies":[{"name":"wp","href":"https:\/\/api.w.org\/{rel}","templated":true}]}}