                       {"id":1281,"date":"2018-04-20T00:35:16","date_gmt":"2018-04-20T00:35:16","guid":{"rendered":"http:\/\/laultimapalabra.info\/?p=1281"},"modified":"2024-12-11T08:37:08","modified_gmt":"2024-12-11T14:37:08","slug":"usted-tiene-la-ultima-palabra-11","status":"publish","type":"post","link":"https:\/\/laultimapalabra.com.mx\/portal\/usted-tiene-la-ultima-palabra-11\/","title":{"rendered":"Usted tiene&#8230; La \u00daltima Palabra"},"content":{"rendered":"<p style=\"text-align: justify;\"><img loading=\"lazy\" decoding=\"async\" class=\"size-medium wp-image-390 alignleft\" src=\"https:\/\/laultimapalabra.com.mx\/portal\/wp-content\/uploads\/2018\/02\/28169846_1705449459476714_78449556_o-203x300.jpg\" alt=\"\" width=\"203\" height=\"300\" \/>Por: Ing. Jes\u00fas Herrera R\u00e1bago<\/p>\n<p style=\"text-align: justify;\">Se la creen<br \/>\nEsta semana el Grupo Reforma public\u00f3 la encuesta de abril, lo primero que exclam\u00e9 fue: \u201cesta pel\u00edcula ya la vi\u201d. As\u00ed como est\u00e1n los n\u00fameros: L\u00f3pez Obrador 48%, Ricardo Anaya 26, Antonio Meade 18%, Margarita 5% y el Bronco 3%; me record\u00f3 inmediatamente los resultados de la elecci\u00f3n para Gobernador de Nuevo Le\u00f3n en el 2015, en los cuales ni sumando los votos PRI (23.77%) y PAN (22.52%) alcanzaban a Jaime Rodr\u00edguez (48.86%).<br \/>\nObvio que esta fotograf\u00eda es moment\u00e1nea y puede cambiar de aqu\u00ed al 1 de julio, pero siendo honesto, a mi parecer, es muy complicado que pierda esa ventaja, por m\u00e1s que sus adversarios repitan que hay muchos indecisos y que la verdadera encuesta es la del d\u00eda de la elecci\u00f3n.<br \/>\nEl caso que hoy vivimos a nivel pa\u00eds es, en esencia, el mismo. La gente va aplicar el voto de castigo, es decir, por hartazgo del sistema, muchos le van dar el voto a Andr\u00e9s Manuel. A tres a\u00f1os de la elecci\u00f3n en Nuevo Le\u00f3n la conclusi\u00f3n es clara, muchos no votaron por la persona de Jaime Rodr\u00edguez Calder\u00f3n, votaron para castigar al PRI y al PAN.<br \/>\nLa situaci\u00f3n es semejante, pues al preguntarles a los encuestados: \u201cEn estas elecciones, \u00bfqu\u00e9 es m\u00e1s importante para usted?\u201d, el 59% responde: \u201cSacar al PRI del gobierno\u201d. Por lo mismo, me atrevo a pensar que L\u00f3pez Obrador pudiera tener un 30%, como pas\u00f3 en el 2012, pero ese 18% son personas al que el enojo y el fastidio los arrastra a darle su sufragio.<br \/>\nEl problema de esta situaci\u00f3n es que el \u201capego\u201d hacia el candidato, de quienes lo favorecieron con el voto de castigo es muy d\u00e9bil, de tal forma que al llegar al Gobierno, a la primera de cambio se le voltean y se sienten decepcionados. As\u00ed sucedi\u00f3 en Nuevo Le\u00f3n, por m\u00e1s que haga el Gobierno Estatal, bastan unos pocos esc\u00e1ndalos para rechazarlo.<br \/>\nEl otro problema es que para alentar el voto de castigo, crean una especie de \u201cfantas\u00eda\u201d de que lograran poner en orden todo de la noche a la ma\u00f1ana, m\u00e1s a\u00fan, que har\u00e1n pagar su culpa a todos los corruptos. Ac\u00e1 en Nuevo Le\u00f3n era ver a Rodrigo Medina en la c\u00e1rcel, cosa que por la raz\u00f3n que sea no sucedi\u00f3.<br \/>\nSe presentan como un Mes\u00edas que trae la salvaci\u00f3n, pero se les olvida que a los Mes\u00edas, por lo general, los crucifican y que \u00e9l \u00fanico que s\u00e9 que resucit\u00f3 fue Jesucristo, los dem\u00e1s terminan en la tumba.<br \/>\nPensando en cuando asumen el poder, el problema de pensar que fue tu persona la que gan\u00f3 y no el voto de castigo, es que como decimos \u201cse la creen\u201d y act\u00faan desde otra perspectiva muy diferente, pensando que el 48% est\u00e1 de su lado, cuando en realidad no es as\u00ed.<br \/>\nAs\u00ed las cosas, este tema es bueno que lo estudien los asesores del PEJE, especialmente su coordinadora Tatiana Clouthier, quien parece le ha dado la estabilidad emocional que requer\u00eda, para que ponga los pies en la tierra y entienda que muchos no votar\u00e1n por su persona y no se la vaya creer como le pas\u00f3 al Bronco.<br \/>\nEsta es mi opini\u00f3n, usted tiene La \u00daltima Palabra.<\/p>\n","protected":false},"excerpt":{"rendered":"<p>Por: Ing. Jes\u00fas Herrera R\u00e1bago Se la creen Esta semana el Grupo Reforma public\u00f3 la encuesta de abril, lo primero que exclam\u00e9 fue: \u201cesta pel\u00edcula ya la vi\u201d. As\u00ed como est\u00e1n los n\u00fameros: L\u00f3pez Obrador 48%, Ricardo Anaya 26, Antonio Meade 18%, Margarita 5% y el Bronco 3%; me record\u00f3 inmediatamente los resultados de la [&hellip;]<\/p>\n","protected":false},"author":9,"featured_media":390,"comment_status":"open","ping_status":"closed","sticky":false,"template":"","format":"standard","meta":{"footnotes":""},"categories":[1],"tags":[1277],"class_list":["post-1281","post","type-post","status-publish","format-standard","has-post-thumbnail","hentry","category-noticias","tag-ing-jesus-herrera"],"_links":{"self":[{"href":"https:\/\/laultimapalabra.com.mx\/portal\/wp-json\/wp\/v2\/posts\/1281","targetHints":{"allow":["GET"]}}],"collection":[{"href":"https:\/\/laultimapalabra.com.mx\/portal\/wp-json\/wp\/v2\/posts"}],"about":[{"href":"https:\/\/laultimapalabra.com.mx\/portal\/wp-json\/wp\/v2\/types\/post"}],"author":[{"embeddable":true,"href":"https:\/\/laultimapalabra.com.mx\/portal\/wp-json\/wp\/v2\/users\/9"}],"replies":[{"embeddable":true,"href":"https:\/\/laultimapalabra.com.mx\/portal\/wp-json\/wp\/v2\/comments?post=1281"}],"version-history":[{"count":1,"href":"https:\/\/laultimapalabra.com.mx\/portal\/wp-json\/wp\/v2\/posts\/1281\/revisions"}],"predecessor-version":[{"id":63699,"href":"https:\/\/laultimapalabra.com.mx\/portal\/wp-json\/wp\/v2\/posts\/1281\/revisions\/63699"}],"wp:featuredmedia":[{"embeddable":true,"href":"https:\/\/laultimapalabra.com.mx\/portal\/wp-json\/"}],"wp:attachment":[{"href":"https:\/\/laultimapalabra.com.mx\/portal\/wp-json\/wp\/v2\/media?parent=1281"}],"wp:term":[{"taxonomy":"category","embeddable":true,"href":"https:\/\/laultimapalabra.com.mx\/portal\/wp-json\/wp\/v2\/categories?post=1281"},{"taxonomy":"post_tag","embeddable":true,"href":"https:\/\/laultimapalabra.com.mx\/portal\/wp-json\/wp\/v2\/tags?post=1281"}],"curies":[{"name":"wp","href":"https:\/\/api.w.org\/{rel}","templated":true}]}}