                       {"id":12810,"date":"2020-01-30T20:47:57","date_gmt":"2020-01-31T02:47:57","guid":{"rendered":"http:\/\/laultimapalabra.info\/?p=12810"},"modified":"2024-12-11T10:00:53","modified_gmt":"2024-12-11T16:00:53","slug":"usted-tiene-la-ultima-palabra-95","status":"publish","type":"post","link":"https:\/\/laultimapalabra.com.mx\/portal\/usted-tiene-la-ultima-palabra-95\/","title":{"rendered":"Usted tiene&#8230; La \u00daltima Palabra"},"content":{"rendered":"<p><img loading=\"lazy\" decoding=\"async\" class=\"size-medium wp-image-390 alignleft\" src=\"https:\/\/laultimapalabra.com.mx\/portal\/wp-content\/uploads\/2018\/02\/28169846_1705449459476714_78449556_o-203x300.jpg\" alt=\"\" width=\"203\" height=\"300\" \/><strong>En memoria de mi Padre<\/strong><\/p>\n<p style=\"text-align: justify;\">Por: Ing. Jes\u00fas Herrera Rabago<\/p>\n<p style=\"text-align: justify;\">Hay cosas que ni la vida, ni los a\u00f1os, ni la escuela te ense\u00f1an. Esta semana experiment\u00e9 una de ellas: ver partir a mi padre Jos\u00e9 Ismael Herrera Mel\u00e9ndez. Y aunque Dios fue muy generoso con \u00e9l y le regal\u00f3 90 a\u00f1os, a\u00fan y cuando uno sabe que el cuerpo se va deteriorando por las enfermedades y uno tiene la certeza de que el final se acerca, aun as\u00ed siempre ser\u00e1 una experiencia triste el saber que ya no lo tienes a tu lado.<br \/>\nComo todo ser humano, tuvo virtudes y defectos, pero como la mayor\u00eda de los padres se esforz\u00f3 al m\u00e1ximo por sacar adelante a sus hijos. Hu\u00e9rfano desde los 6 a\u00f1os, sin una figura paterna que le sirviera de ejemplo, logr\u00f3 a sus 9 hijos, junto con mi madre, darnos educaci\u00f3n y una base s\u00f3lida de principios para la vida.<br \/>\nNacido en Linares y haciendo un gran esfuerzo se vino a Monterrey a estudiar en aquel entonces al famoso \u201cColegio Civil\u201d, llamado as\u00ed porque ah\u00ed se impart\u00eda la carrera de ingenier\u00eda civil. Al terminar sus estudios, junto con 5 amigos, escucharon que Petr\u00f3leos Mexicanos estaba contratando ingenieros. Se fueron a M\u00e9xico, logrando que lo contrataran y enviaran a la planta de Ciudad Madero.<br \/>\nDespu\u00e9s de algunos a\u00f1os, desde 1975, lleg\u00f3 a Cadereyta junto con otros compa\u00f1eros a recibir las instalaciones realizadas por el \u00e1rea de Pemex Construcci\u00f3n, le toc\u00f3 la entrega-recepci\u00f3n y junto con varios m\u00e1s, ser unos de los iniciadores del Personal T\u00e9cnico de la Refiner\u00eda de Cadereyta, a quien hizo su segundo hogar y a los petroleros tambi\u00e9n su familia.<br \/>\nEra firme en su car\u00e1cter, a veces duro, pero as\u00ed se requer\u00eda, primero en la casa para controlar a 9 hijos, despu\u00e9s en la refiner\u00eda para que el trabajo saliera lo mejor posible. Esa es la mejor herencia que nos dej\u00f3: un apellido labrado en la cultura del trabajo y del esfuerzo.<br \/>\nSol\u00eda decir: \u201cSiempre comp\u00e1rate con los buenos, no con los burros\u201d, lo hac\u00eda para motivarnos a aspirar a lo m\u00e1ximo y evitar as\u00ed la mediocridad. Dos veces tuvo la oportunidad de servir, tambi\u00e9n, como Director de Obras P\u00fablicas Municipal, dejando parte de su legado en muchas obras que ah\u00ed realiz\u00f3.<br \/>\nHoy entiendo, mejor que nunca, aquella frase que dicta que: \u201cUn padre vale por cien maestros\u201d, y creo que \u00e9l lo cumpli\u00f3 a cabalidad, por eso al final, despu\u00e9s de devolver su cuerpo a la tierra, brot\u00f3 en la familia, de manera espont\u00e1nea, el gesto de aplaudirle como signo de gratitud y reconocimiento.<br \/>\nGracias a todos los que nos acompa\u00f1aron f\u00edsica o espiritualmente, especialmente por sus muestras de estima y cari\u00f1o en estos momentos tristes.<br \/>\nYa los viernes no ser\u00e1n lo mismo cuando llegue a su casa y no est\u00e9 ah\u00ed mi padre, por lo que tendr\u00e9 que recordar que: \u201cSe va el coraz\u00f3n, pero no el amor\u2026 que se van los brazos pero no los abrazos\u2026 que se van las manos, pero no las caricias\u2026 porque lo que se ama, no desaparece\u201d. Descansa en Paz Pap\u00e1.<\/p>\n","protected":false},"excerpt":{"rendered":"<p>En memoria de mi Padre Por: Ing. Jes\u00fas Herrera Rabago Hay cosas que ni la vida, ni los a\u00f1os, ni la escuela te ense\u00f1an. Esta semana experiment\u00e9 una de ellas: ver partir a mi padre Jos\u00e9 Ismael Herrera Mel\u00e9ndez. Y aunque Dios fue muy generoso con \u00e9l y le regal\u00f3 90 a\u00f1os, a\u00fan y cuando [&hellip;]<\/p>\n","protected":false},"author":9,"featured_media":390,"comment_status":"open","ping_status":"closed","sticky":false,"template":"","format":"standard","meta":{"footnotes":""},"categories":[1],"tags":[1278],"class_list":["post-12810","post","type-post","status-publish","format-standard","has-post-thumbnail","hentry","category-noticias","tag-ing-jesus-herrera-rabago"],"_links":{"self":[{"href":"https:\/\/laultimapalabra.com.mx\/portal\/wp-json\/wp\/v2\/posts\/12810","targetHints":{"allow":["GET"]}}],"collection":[{"href":"https:\/\/laultimapalabra.com.mx\/portal\/wp-json\/wp\/v2\/posts"}],"about":[{"href":"https:\/\/laultimapalabra.com.mx\/portal\/wp-json\/wp\/v2\/types\/post"}],"author":[{"embeddable":true,"href":"https:\/\/laultimapalabra.com.mx\/portal\/wp-json\/wp\/v2\/users\/9"}],"replies":[{"embeddable":true,"href":"https:\/\/laultimapalabra.com.mx\/portal\/wp-json\/wp\/v2\/comments?post=12810"}],"version-history":[{"count":1,"href":"https:\/\/laultimapalabra.com.mx\/portal\/wp-json\/wp\/v2\/posts\/12810\/revisions"}],"predecessor-version":[{"id":69731,"href":"https:\/\/laultimapalabra.com.mx\/portal\/wp-json\/wp\/v2\/posts\/12810\/revisions\/69731"}],"wp:featuredmedia":[{"embeddable":true,"href":"https:\/\/laultimapalabra.com.mx\/portal\/wp-json\/"}],"wp:attachment":[{"href":"https:\/\/laultimapalabra.com.mx\/portal\/wp-json\/wp\/v2\/media?parent=12810"}],"wp:term":[{"taxonomy":"category","embeddable":true,"href":"https:\/\/laultimapalabra.com.mx\/portal\/wp-json\/wp\/v2\/categories?post=12810"},{"taxonomy":"post_tag","embeddable":true,"href":"https:\/\/laultimapalabra.com.mx\/portal\/wp-json\/wp\/v2\/tags?post=12810"}],"curies":[{"name":"wp","href":"https:\/\/api.w.org\/{rel}","templated":true}]}}