                       {"id":12855,"date":"2020-02-03T12:05:25","date_gmt":"2020-02-03T18:05:25","guid":{"rendered":"http:\/\/laultimapalabra.info\/?p=12855"},"modified":"2024-12-11T10:00:53","modified_gmt":"2024-12-11T16:00:53","slug":"que-no-se-te-pase-15","status":"publish","type":"post","link":"https:\/\/laultimapalabra.com.mx\/portal\/que-no-se-te-pase-15\/","title":{"rendered":"\u00a1\u00a1Que no se te pase!!"},"content":{"rendered":"<p style=\"text-align: justify;\"><img loading=\"lazy\" decoding=\"async\" class=\"size-medium wp-image-12461 alignleft\" src=\"https:\/\/laultimapalabra.com.mx\/portal\/wp-content\/uploads\/2020\/01\/WhatsApp-Image-2020-01-16-at-1.34.14-PM-300x300.jpeg\" alt=\"\" width=\"300\" height=\"300\" \/>Te recordamos que el Gobierno Municipal de Cadereyta a trav\u00e9s del Sistema DIF, realizar\u00e1 la segunda edici\u00f3n de \u201cMatrimonios Colectivos\u201d el pr\u00f3ximo 14 de febrero del 2020.<br \/>\nLa recepci\u00f3n de papeler\u00eda ser\u00e1 en las instalaciones del DIF Municipal en un horario de 8:00 de la ma\u00f1ana a 3:00 de la tarde, teniendo como fecha l\u00edmite hasta el pr\u00f3ximo viernes, ser\u00e1 un tr\u00e1mite completamente gratis as\u00ed que de estar interesados les aconsejamos que entreguen su documentaci\u00f3n a la brevedad posible.<\/p>\n","protected":false},"excerpt":{"rendered":"<p>Te recordamos que el Gobierno Municipal de Cadereyta a trav\u00e9s del Sistema DIF, realizar\u00e1 la segunda edici\u00f3n de \u201cMatrimonios Colectivos\u201d el pr\u00f3ximo 14 de febrero del 2020. La recepci\u00f3n de papeler\u00eda ser\u00e1 en las instalaciones del DIF Municipal en un horario de 8:00 de la ma\u00f1ana a 3:00 de la tarde, teniendo como fecha l\u00edmite [&hellip;]<\/p>\n","protected":false},"author":9,"featured_media":12461,"comment_status":"open","ping_status":"closed","sticky":false,"template":"","format":"standard","meta":{"footnotes":""},"categories":[17],"tags":[24,1514],"class_list":["post-12855","post","type-post","status-publish","format-standard","has-post-thumbnail","hentry","category-locales-cadereyta","tag-24","tag-matrimonios-colectivos-cadereyta"],"_links":{"self":[{"href":"https:\/\/laultimapalabra.com.mx\/portal\/wp-json\/wp\/v2\/posts\/12855","targetHints":{"allow":["GET"]}}],"collection":[{"href":"https:\/\/laultimapalabra.com.mx\/portal\/wp-json\/wp\/v2\/posts"}],"about":[{"href":"https:\/\/laultimapalabra.com.mx\/portal\/wp-json\/wp\/v2\/types\/post"}],"author":[{"embeddable":true,"href":"https:\/\/laultimapalabra.com.mx\/portal\/wp-json\/wp\/v2\/users\/9"}],"replies":[{"embeddable":true,"href":"https:\/\/laultimapalabra.com.mx\/portal\/wp-json\/wp\/v2\/comments?post=12855"}],"version-history":[{"count":1,"href":"https:\/\/laultimapalabra.com.mx\/portal\/wp-json\/wp\/v2\/posts\/12855\/revisions"}],"predecessor-version":[{"id":69755,"href":"https:\/\/laultimapalabra.com.mx\/portal\/wp-json\/wp\/v2\/posts\/12855\/revisions\/69755"}],"wp:featuredmedia":[{"embeddable":true,"href":"https:\/\/laultimapalabra.com.mx\/portal\/wp-json\/"}],"wp:attachment":[{"href":"https:\/\/laultimapalabra.com.mx\/portal\/wp-json\/wp\/v2\/media?parent=12855"}],"wp:term":[{"taxonomy":"category","embeddable":true,"href":"https:\/\/laultimapalabra.com.mx\/portal\/wp-json\/wp\/v2\/categories?post=12855"},{"taxonomy":"post_tag","embeddable":true,"href":"https:\/\/laultimapalabra.com.mx\/portal\/wp-json\/wp\/v2\/tags?post=12855"}],"curies":[{"name":"wp","href":"https:\/\/api.w.org\/{rel}","templated":true}]}}