                       {"id":12871,"date":"2020-02-03T13:24:46","date_gmt":"2020-02-03T19:24:46","guid":{"rendered":"http:\/\/laultimapalabra.info\/?p=12871"},"modified":"2024-12-11T10:00:54","modified_gmt":"2024-12-11T16:00:54","slug":"develan-panistas-de-juarez-placa-de-su-nuevo-edificio","status":"publish","type":"post","link":"https:\/\/laultimapalabra.com.mx\/portal\/develan-panistas-de-juarez-placa-de-su-nuevo-edificio\/","title":{"rendered":"Develan panistas de Ju\u00e1rez placa de su nuevo edificio"},"content":{"rendered":"<p style=\"text-align: justify;\"><img loading=\"lazy\" decoding=\"async\" class=\"size-medium wp-image-12872 alignright\" src=\"https:\/\/laultimapalabra.com.mx\/portal\/wp-content\/uploads\/2020\/02\/WhatsApp-Image-2020-02-02-at-5.28.12-PM-300x169.jpeg\" alt=\"\" width=\"300\" height=\"169\" \/> Ju\u00e1rez, N.L.- Fue durante el fin de semana y en el marco del D\u00eda de la Candelaria, que los panistas de Ju\u00e1rez se reunieron para la develaci\u00f3n de la placa de su nuevo edificio.<br \/>\n<img loading=\"lazy\" decoding=\"async\" class=\"size-medium wp-image-12873 alignleft\" src=\"https:\/\/laultimapalabra.com.mx\/portal\/wp-content\/uploads\/2020\/02\/WhatsApp-Image-2020-02-02-at-5.30.07-PM-300x169.jpeg\" alt=\"\" width=\"300\" height=\"169\" \/>Acompa\u00f1ados por su dirigente estatal, Mauro Guerra y su Secretario General del Comit\u00e9 Directivo Municipal, Obed Meza Hdz; los panistas degustaron los tradicionales tamales y fueron conminados por sus dirigentes a reunirse en este mismo recinto con el fin de fortalecer la unidad del partido.<br \/>\nPor su parte, Obed Meza dijo que est\u00e1n confiados en alcanzar el Gobierno del Estado en las pr\u00f3ximas elecciones pues como partido van liderando encuestas de percepci\u00f3n ciudadana.<\/p>\n","protected":false},"excerpt":{"rendered":"<p>Ju\u00e1rez, N.L.- Fue durante el fin de semana y en el marco del D\u00eda de la Candelaria, que los panistas de Ju\u00e1rez se reunieron para la develaci\u00f3n de la placa de su nuevo edificio. Acompa\u00f1ados por su dirigente estatal, Mauro Guerra y su Secretario General del Comit\u00e9 Directivo Municipal, Obed Meza Hdz; los panistas degustaron [&hellip;]<\/p>\n","protected":false},"author":9,"featured_media":12874,"comment_status":"open","ping_status":"closed","sticky":false,"template":"","format":"standard","meta":{"footnotes":""},"categories":[18],"tags":[1516,1641,1693],"class_list":["post-12871","post","type-post","status-publish","format-standard","has-post-thumbnail","hentry","category-locales-juarez","tag-mauro-guerra","tag-obed-meza","tag-pan-juarez"],"_links":{"self":[{"href":"https:\/\/laultimapalabra.com.mx\/portal\/wp-json\/wp\/v2\/posts\/12871","targetHints":{"allow":["GET"]}}],"collection":[{"href":"https:\/\/laultimapalabra.com.mx\/portal\/wp-json\/wp\/v2\/posts"}],"about":[{"href":"https:\/\/laultimapalabra.com.mx\/portal\/wp-json\/wp\/v2\/types\/post"}],"author":[{"embeddable":true,"href":"https:\/\/laultimapalabra.com.mx\/portal\/wp-json\/wp\/v2\/users\/9"}],"replies":[{"embeddable":true,"href":"https:\/\/laultimapalabra.com.mx\/portal\/wp-json\/wp\/v2\/comments?post=12871"}],"version-history":[{"count":1,"href":"https:\/\/laultimapalabra.com.mx\/portal\/wp-json\/wp\/v2\/posts\/12871\/revisions"}],"predecessor-version":[{"id":69765,"href":"https:\/\/laultimapalabra.com.mx\/portal\/wp-json\/wp\/v2\/posts\/12871\/revisions\/69765"}],"wp:featuredmedia":[{"embeddable":true,"href":"https:\/\/laultimapalabra.com.mx\/portal\/wp-json\/"}],"wp:attachment":[{"href":"https:\/\/laultimapalabra.com.mx\/portal\/wp-json\/wp\/v2\/media?parent=12871"}],"wp:term":[{"taxonomy":"category","embeddable":true,"href":"https:\/\/laultimapalabra.com.mx\/portal\/wp-json\/wp\/v2\/categories?post=12871"},{"taxonomy":"post_tag","embeddable":true,"href":"https:\/\/laultimapalabra.com.mx\/portal\/wp-json\/wp\/v2\/tags?post=12871"}],"curies":[{"name":"wp","href":"https:\/\/api.w.org\/{rel}","templated":true}]}}