                       {"id":12970,"date":"2020-02-06T15:30:34","date_gmt":"2020-02-06T21:30:34","guid":{"rendered":"http:\/\/laultimapalabra.info\/?p=12970"},"modified":"2024-12-11T10:00:55","modified_gmt":"2024-12-11T16:00:55","slug":"llega-una-joven-promesa-jimenense-del-box-a-lo-profesional","status":"publish","type":"post","link":"https:\/\/laultimapalabra.com.mx\/portal\/llega-una-joven-promesa-jimenense-del-box-a-lo-profesional\/","title":{"rendered":"Llega una joven promesa jimenense del box a lo profesional"},"content":{"rendered":"<p style=\"text-align: justify;\"><img loading=\"lazy\" decoding=\"async\" class=\"size-medium wp-image-12971 alignleft\" src=\"https:\/\/laultimapalabra.com.mx\/portal\/wp-content\/uploads\/2020\/02\/WhatsApp-Image-2020-02-06-at-3.23.21-PM-300x225.jpeg\" alt=\"\" width=\"300\" height=\"225\" \/>Cadereyta Jimenez, N. L.- Una joven promesa jimenense, en esta ocasi\u00f3n dentro del box profesional, llegar\u00e1 al campo profesional en breve y se trata de Edwin Barrientos de 21 a\u00f1os edad, habitante de la calle Mina en el centro de este municipio quien pronto tendr\u00e1 su incursi\u00f3n al mundo del box profesional programado para el pr\u00f3ximo 13 Marzo, aunque antes el 21 de Febrero, tendr\u00e1 un encuentro ya a nivel profesional.<br \/>\nEsta joven promesa del box ya es Campe\u00f3n Nacional Amateur y esperamos que siga mostrando ese compromiso y dedicaci\u00f3n a su disciplina dejando el nombre de esta ciudad en alto.<\/p>\n<p>&nbsp;<\/p>\n","protected":false},"excerpt":{"rendered":"<p>Cadereyta Jimenez, N. L.- Una joven promesa jimenense, en esta ocasi\u00f3n dentro del box profesional, llegar\u00e1 al campo profesional en breve y se trata de Edwin Barrientos de 21 a\u00f1os edad, habitante de la calle Mina en el centro de este municipio quien pronto tendr\u00e1 su incursi\u00f3n al mundo del box profesional programado para el [&hellip;]<\/p>\n","protected":false},"author":9,"featured_media":12971,"comment_status":"open","ping_status":"closed","sticky":false,"template":"","format":"standard","meta":{"footnotes":""},"categories":[1],"tags":[316],"class_list":["post-12970","post","type-post","status-publish","format-standard","has-post-thumbnail","hentry","category-noticias","tag-box-cadere"],"_links":{"self":[{"href":"https:\/\/laultimapalabra.com.mx\/portal\/wp-json\/wp\/v2\/posts\/12970","targetHints":{"allow":["GET"]}}],"collection":[{"href":"https:\/\/laultimapalabra.com.mx\/portal\/wp-json\/wp\/v2\/posts"}],"about":[{"href":"https:\/\/laultimapalabra.com.mx\/portal\/wp-json\/wp\/v2\/types\/post"}],"author":[{"embeddable":true,"href":"https:\/\/laultimapalabra.com.mx\/portal\/wp-json\/wp\/v2\/users\/9"}],"replies":[{"embeddable":true,"href":"https:\/\/laultimapalabra.com.mx\/portal\/wp-json\/wp\/v2\/comments?post=12970"}],"version-history":[{"count":1,"href":"https:\/\/laultimapalabra.com.mx\/portal\/wp-json\/wp\/v2\/posts\/12970\/revisions"}],"predecessor-version":[{"id":69815,"href":"https:\/\/laultimapalabra.com.mx\/portal\/wp-json\/wp\/v2\/posts\/12970\/revisions\/69815"}],"wp:featuredmedia":[{"embeddable":true,"href":"https:\/\/laultimapalabra.com.mx\/portal\/wp-json\/"}],"wp:attachment":[{"href":"https:\/\/laultimapalabra.com.mx\/portal\/wp-json\/wp\/v2\/media?parent=12970"}],"wp:term":[{"taxonomy":"category","embeddable":true,"href":"https:\/\/laultimapalabra.com.mx\/portal\/wp-json\/wp\/v2\/categories?post=12970"},{"taxonomy":"post_tag","embeddable":true,"href":"https:\/\/laultimapalabra.com.mx\/portal\/wp-json\/wp\/v2\/tags?post=12970"}],"curies":[{"name":"wp","href":"https:\/\/api.w.org\/{rel}","templated":true}]}}