                       {"id":12985,"date":"2020-02-06T19:06:38","date_gmt":"2020-02-07T01:06:38","guid":{"rendered":"http:\/\/laultimapalabra.info\/?p=12985"},"modified":"2024-12-11T10:00:55","modified_gmt":"2024-12-11T16:00:55","slug":"el-quemador-99","status":"publish","type":"post","link":"https:\/\/laultimapalabra.com.mx\/portal\/el-quemador-99\/","title":{"rendered":"El Quemador"},"content":{"rendered":"<p><img loading=\"lazy\" decoding=\"async\" class=\"size-medium wp-image-159 alignleft\" src=\"https:\/\/laultimapalabra.com.mx\/portal\/wp-content\/uploads\/2018\/02\/Banner-Caliente-copia-300x171.jpg\" alt=\"\" width=\"300\" height=\"171\" \/>Por: El Repre<\/p>\n<p style=\"text-align: justify;\">FIESTAS DEL PETR\u00d3LEO<br \/>\nIniciamos esta columneja cont\u00e1ndoles a todos nuestros queridos compitas que la Secci\u00f3n 49 encabezada por Rafael Faly Ortu\u00f1o revivir\u00e1n en este 2020 las Fiestas del Petr\u00f3leo\u2026nos cuentan que Faly autorizo una semana llena de actividades deportivas, culturales y sociales para conmemorar el 31 Aniversario de nuestra querida Secci\u00f3n 49 y el 82 Aniversario del Expropiaci\u00f3n Petrolera\u2026del 11 al 18 de marzo se vienen las fiestas del petr\u00f3leo compitas!!<br \/>\nCANDIDATAS<br \/>\nQue tan buenas no van a estar estas Fiestas del Petr\u00f3leo 2020 que hasta un certamen de belleza andan organizando\u2026as\u00ed es compitas el Faly Ortu\u00f1o se sac\u00f3 un diez al tener esta atinada idea de que por primera vez en la historia de la Secci\u00f3n 49 se realice un certamen de belleza y tener a la Reyna del Petr\u00f3leo\u2026pues ya hay candidatas, la mejor de las suertes para todas y que gane la mejor!!<br \/>\nSEDITAS<br \/>\nDe Personal nos cuentan que las mujeres mal encaradas y mal atendidas de la Cinthia, la Isela y la Anel ya andan bien ceditas y muy buena onda con los compitas y camadritas\u2026que les cuesta poner su mejor cara (aunque este dif\u00edcil) y atender con respeto y armon\u00eda a los trabajadores\u2026pues m\u00e1s les vale que sigan buena onda, porque si no les sacamos sus trapitos al sol!!<br \/>\nEL HUEVAS RU\u00cdZ<br \/>\nDel Hospital nos siguen lloviendo quejas y quejas del disque Ingeniero m\u00e1s huev\u00f3n del mundo Ricardo el Huevas Ru\u00edz\u2026dicen que eso de ser huev\u00f3n se le da con frecuencia pues ha tenido diferentes problemas en donde quiera que lo hayan contratado\u2026y es que adem\u00e1s de huev\u00f3n es incompetente y valemadrista, ojala pronto lo remuevan y llegue alguien que s\u00ed sepa y que si le guste trabajar\u2026de mal en peor el mantenimiento del Hospital con este tipo de Ingenieros buenos pa nada como Ricardo!!<br \/>\nCHILL\u00d3N<br \/>\nY en m\u00e1s del Hospital el que se puso como loco con la quemadita de la semana pasada fue el tal Figueroa encargado de los Laboratorios\u2026dijo el muy desgraciado que no se vale lo est\u00e9n criticando por hacer bien su trabajo, y que en cuanto exhibir y maltratar al personal a su cargo pues dice lo hace porque se lo merecen\u2026que poca madre la de Figueroa, pero pronto le dar\u00e1n su estate quieto, ya lo ver\u00e1n!!<br \/>\nVENTAS<br \/>\nY los que de nueva cuenta nos vuelven a escribir son los compitas de Ventas, ya se hab\u00edan tardado\u2026nos dicen que ya no aguantan a la famosa Inge Genowebas pues por m\u00e1s que la reportan y hablan con ella nom\u00e1s no entiende quesque porque se siente intocable\u2026y ahora como anda con uno kilitos menos (aunque no lo crean) pues m\u00e1s cre\u00edda y altanera anda\u2026ojala que as\u00ed como a la masa corporal y a la grasita le bajar\u00e1 a sus rayitas de grandeza y prepotencia!!<br \/>\nGENOWEBAS<br \/>\nY a c\u00f3mo va la cosa pues dudamos que le baje a sus abusos y sus jaladas la famosa Genowebas, pues ya anda diciendo que ya va a quedar en una plaza definitiva de confianza, con raz\u00f3n anda m\u00e1s alzada que nada\u2026tambi\u00e9n nos dicen que la vieja esta no sabe tratar a los trabajadores y nomas anda de cuchillito de palo detr\u00e1s de todo mundo\u2026que no se le olvide a la muy zonza que ni en su taller la quer\u00edan de obrera\u2026ponte a jalar Genowebas!!<br \/>\nINGE LALO<br \/>\nLe ponemos de ejemplo al Inge Lalo, pues empez\u00f3 desde abajo y es bien sencillo y trabajador\u2026al Inge Lalo no se le olvida de donde viene y menos que todos son sus compa\u00f1eros y que merecen un trato digno y respetuoso\u2026definitivamente en Ventas se ocupa m\u00e1s gente de esa noble y jaladora, bien por \u00e9l\u2026nomas un peque\u00f1o detalle para el Inge Lalo, que no se junte mucho con la Celia Cruz, porque lo echara a perder!!<br \/>\nLA MARY<br \/>\nY ya por ultimo nos dicen que la Mary Espinoza se ha convertido en el comod\u00edn preferido del Inge Martin Fili Filogonio\u2026y es que la Mary ha podido aplicar en categor\u00edas administrativas de buen n ivel que ninguna o ning\u00fan trabajador de planta de todo Ventas ha podido lograr\u2026muy bien por Mary y que mal por los de planta\u2026aunque tambi\u00e9n dicen, que la Mary se mocha y se amafia con los de arriba para lograr ser la consentida y aplicar en esas plazas aun siendo transitoria\u2026seguiremos informando sobre este caso!!<br \/>\nArrivederchi!!<\/p>\n","protected":false},"excerpt":{"rendered":"<p>Por: El Repre FIESTAS DEL PETR\u00d3LEO Iniciamos esta columneja cont\u00e1ndoles a todos nuestros queridos compitas que la Secci\u00f3n 49 encabezada por Rafael Faly Ortu\u00f1o revivir\u00e1n en este 2020 las Fiestas del Petr\u00f3leo\u2026nos cuentan que Faly autorizo una semana llena de actividades deportivas, culturales y sociales para conmemorar el 31 Aniversario de nuestra querida Secci\u00f3n 49 [&hellip;]<\/p>\n","protected":false},"author":9,"featured_media":159,"comment_status":"open","ping_status":"closed","sticky":false,"template":"","format":"standard","meta":{"footnotes":""},"categories":[1],"tags":[944],"class_list":["post-12985","post","type-post","status-publish","format-standard","has-post-thumbnail","hentry","category-noticias","tag-el-repre-el-quemador"],"_links":{"self":[{"href":"https:\/\/laultimapalabra.com.mx\/portal\/wp-json\/wp\/v2\/posts\/12985","targetHints":{"allow":["GET"]}}],"collection":[{"href":"https:\/\/laultimapalabra.com.mx\/portal\/wp-json\/wp\/v2\/posts"}],"about":[{"href":"https:\/\/laultimapalabra.com.mx\/portal\/wp-json\/wp\/v2\/types\/post"}],"author":[{"embeddable":true,"href":"https:\/\/laultimapalabra.com.mx\/portal\/wp-json\/wp\/v2\/users\/9"}],"replies":[{"embeddable":true,"href":"https:\/\/laultimapalabra.com.mx\/portal\/wp-json\/wp\/v2\/comments?post=12985"}],"version-history":[{"count":1,"href":"https:\/\/laultimapalabra.com.mx\/portal\/wp-json\/wp\/v2\/posts\/12985\/revisions"}],"predecessor-version":[{"id":69827,"href":"https:\/\/laultimapalabra.com.mx\/portal\/wp-json\/wp\/v2\/posts\/12985\/revisions\/69827"}],"wp:featuredmedia":[{"embeddable":true,"href":"https:\/\/laultimapalabra.com.mx\/portal\/wp-json\/"}],"wp:attachment":[{"href":"https:\/\/laultimapalabra.com.mx\/portal\/wp-json\/wp\/v2\/media?parent=12985"}],"wp:term":[{"taxonomy":"category","embeddable":true,"href":"https:\/\/laultimapalabra.com.mx\/portal\/wp-json\/wp\/v2\/categories?post=12985"},{"taxonomy":"post_tag","embeddable":true,"href":"https:\/\/laultimapalabra.com.mx\/portal\/wp-json\/wp\/v2\/tags?post=12985"}],"curies":[{"name":"wp","href":"https:\/\/api.w.org\/{rel}","templated":true}]}}