                       {"id":12989,"date":"2020-02-06T19:05:33","date_gmt":"2020-02-07T01:05:33","guid":{"rendered":"http:\/\/laultimapalabra.info\/?p=12989"},"modified":"2024-12-11T10:00:55","modified_gmt":"2024-12-11T16:00:55","slug":"usted-tiene-la-ultima-palabra-96","status":"publish","type":"post","link":"https:\/\/laultimapalabra.com.mx\/portal\/usted-tiene-la-ultima-palabra-96\/","title":{"rendered":"Usted tiene&#8230;. La \u00daltima Palabra"},"content":{"rendered":"<p><img loading=\"lazy\" decoding=\"async\" class=\"size-medium wp-image-390 alignleft\" src=\"https:\/\/laultimapalabra.com.mx\/portal\/wp-content\/uploads\/2018\/02\/28169846_1705449459476714_78449556_o-203x300.jpg\" alt=\"\" width=\"203\" height=\"300\" \/><strong>Ahora es cuando<\/strong><\/p>\n<p>Por: Ing. Jes\u00fas Herrera R\u00e1bago<\/p>\n<p style=\"text-align: justify;\">La semana pasada el INEGI public\u00f3 las cifras oficiales del crecimiento econ\u00f3mico de nuestro pa\u00eds. El resultado ya lo sab\u00edamos, quiz\u00e1 el morbo era saber si el resultado sal\u00eda negativo, lo cual deseaban vehementemente los adversarios pol\u00edticos de L\u00f3pez Obrador, pues t\u00e9cnicamente ser\u00eda entrar en recesi\u00f3n. Por fortuna, para el Presidente, fue positivo aunque solo de 0.1%, lo que en sentido estricto hace hablar de una desaceleraci\u00f3n.<br \/>\nIndependientemente de los tecnicismos, la realidad es que la econom\u00eda no creci\u00f3, y muy probablemente este a\u00f1o tampoco se logre. Lo que m\u00e1s llama la atenci\u00f3n es que no es el resultado de efectos externos, pues nuestro principal socio comercial Estados Unidos tuvo un crecimiento. Por tanto, el famoso principio de que: \u201csi a nuestros vecinos les da una gripa, a nosotros nos da una neumon\u00eda\u201d, en este caso no se aplicar\u00eda, aunque tambi\u00e9n, en honor a la verdad, es muy diferente, pues ellos no dependen solo de lo interno, sino que generan mucha riqueza en otros pa\u00edses que fortalece su econom\u00eda.<br \/>\nEs innegable que el cambio de Gobierno, en este primer a\u00f1o, gener\u00f3 mucha desconfianza a los inversionistas, adem\u00e1s que la administraci\u00f3n Federal cerr\u00f3 la llave a la inversi\u00f3n con la intenci\u00f3n de poner orden al sistema lleno de fugas que recibi\u00f3. Habr\u00e1 que esperar que estos dos factores, tanto la confianza de los inversionistas como la el flujo econ\u00f3mico que el Gobierno inyectar\u00e1 en los proyectos de infraestructura, empiece a mover la econom\u00eda.<br \/>\nPor si faltara algo, con la epidemia del Coronavirus la econom\u00eda mundial se ver\u00e1 afectada, no hay que olvidar que China es una de las econom\u00edas que mueven al mundo. Se calcula que alrededor de cincuenta millones de personas est\u00e1n en cuarentena en ese pa\u00eds.<br \/>\nSin embargo, es innegable e irrefutable que la econom\u00eda no ha crecido, y es un punto que en este momento trae en contra y que tendr\u00e1 que revertir la actual administraci\u00f3n. Lo quiera o no tendr\u00e1 que dar resultados y dos a\u00f1os puede ser un plazo l\u00f3gico que la ciudadan\u00eda acepte, pero m\u00e1s tiempo no creo que aguante, ni los argumentos que use, ni la paciencia de la gente.<br \/>\nDentro de todo lo complicado que podr\u00eda parecer, lo positivo es que este gobierno ha mantenido la disciplina fiscal para mantener la deuda p\u00fablica estable; la pol\u00edtica salarial que puede generar junto con el gasto social cierto nivel de consumo; la ratificaci\u00f3n del TMEC puede generar m\u00e1s confianza; as\u00ed como el anuncio del Programa de Inversi\u00f3n Privada en Proyectos de Infraestructura. Todo ello hace muy diferente el panorama a otras crisis pasadas, lo cual permite tener esperanza en que el crecimiento econ\u00f3mico se revierta.<br \/>\nAs\u00ed las cosas, este 2020 es a\u00f1o dif\u00edcil para Andr\u00e9s Manuel y sus huestes, pero usando el mismo estilo del Presidente, habr\u00e1 que decirle: \u201cAhora es cuando chile verde, le haz de dar sabor al caldo\u201d.<br \/>\nEsta es mi opini\u00f3n, usted tiene La \u00daltima Palabra.<\/p>\n","protected":false},"excerpt":{"rendered":"<p>Ahora es cuando Por: Ing. Jes\u00fas Herrera R\u00e1bago La semana pasada el INEGI public\u00f3 las cifras oficiales del crecimiento econ\u00f3mico de nuestro pa\u00eds. El resultado ya lo sab\u00edamos, quiz\u00e1 el morbo era saber si el resultado sal\u00eda negativo, lo cual deseaban vehementemente los adversarios pol\u00edticos de L\u00f3pez Obrador, pues t\u00e9cnicamente ser\u00eda entrar en recesi\u00f3n. Por [&hellip;]<\/p>\n","protected":false},"author":9,"featured_media":390,"comment_status":"open","ping_status":"closed","sticky":false,"template":"","format":"standard","meta":{"footnotes":""},"categories":[1],"tags":[1278],"class_list":["post-12989","post","type-post","status-publish","format-standard","has-post-thumbnail","hentry","category-noticias","tag-ing-jesus-herrera-rabago"],"_links":{"self":[{"href":"https:\/\/laultimapalabra.com.mx\/portal\/wp-json\/wp\/v2\/posts\/12989","targetHints":{"allow":["GET"]}}],"collection":[{"href":"https:\/\/laultimapalabra.com.mx\/portal\/wp-json\/wp\/v2\/posts"}],"about":[{"href":"https:\/\/laultimapalabra.com.mx\/portal\/wp-json\/wp\/v2\/types\/post"}],"author":[{"embeddable":true,"href":"https:\/\/laultimapalabra.com.mx\/portal\/wp-json\/wp\/v2\/users\/9"}],"replies":[{"embeddable":true,"href":"https:\/\/laultimapalabra.com.mx\/portal\/wp-json\/wp\/v2\/comments?post=12989"}],"version-history":[{"count":1,"href":"https:\/\/laultimapalabra.com.mx\/portal\/wp-json\/wp\/v2\/posts\/12989\/revisions"}],"predecessor-version":[{"id":69831,"href":"https:\/\/laultimapalabra.com.mx\/portal\/wp-json\/wp\/v2\/posts\/12989\/revisions\/69831"}],"wp:featuredmedia":[{"embeddable":true,"href":"https:\/\/laultimapalabra.com.mx\/portal\/wp-json\/"}],"wp:attachment":[{"href":"https:\/\/laultimapalabra.com.mx\/portal\/wp-json\/wp\/v2\/media?parent=12989"}],"wp:term":[{"taxonomy":"category","embeddable":true,"href":"https:\/\/laultimapalabra.com.mx\/portal\/wp-json\/wp\/v2\/categories?post=12989"},{"taxonomy":"post_tag","embeddable":true,"href":"https:\/\/laultimapalabra.com.mx\/portal\/wp-json\/wp\/v2\/tags?post=12989"}],"curies":[{"name":"wp","href":"https:\/\/api.w.org\/{rel}","templated":true}]}}