                       {"id":13030,"date":"2020-02-07T21:30:42","date_gmt":"2020-02-08T03:30:42","guid":{"rendered":"http:\/\/laultimapalabra.info\/?p=13030"},"modified":"2024-12-11T10:00:55","modified_gmt":"2024-12-11T16:00:55","slug":"ejecutan-a-un-hombre-en-la-colonia-jardines-de-cadereyta","status":"publish","type":"post","link":"https:\/\/laultimapalabra.com.mx\/portal\/ejecutan-a-un-hombre-en-la-colonia-jardines-de-cadereyta\/","title":{"rendered":"Ejecutan a un hombre en la colonia Jardines de Cadereyta"},"content":{"rendered":"<p><span style=\"font-size: 1rem;\">a v\u00edctima caminaba por la banqueta cuando una persona armada baj\u00f3 de un veh\u00edculo y le dispar\u00f3 al menos cinco ocasiones.<\/span><\/p>\n<p><img loading=\"lazy\" decoding=\"async\" class=\"size-medium wp-image-13029 alignleft\" src=\"https:\/\/laultimapalabra.com.mx\/portal\/wp-content\/uploads\/2020\/02\/screenshot_20200207_2250317511526955772164558-300x192.jpg\" alt=\"\" width=\"300\" height=\"192\" \/>CADEREYTA.- De al menos tres balazos, un hombre fue ejecutado en calles de la colonia Jardines de Cadereyta, en el municipio de Cadereyta.<\/p>\n<p>El ataque se registr\u00f3 cerca de las 20:30 horas del viernes, sobre la calle Pensamiento, del tercer sector del mencionado fraccionamiento.<\/p>\n<p>Seg\u00fan las primeras versiones, el hombre caminaba por la banqueta de la mencionada v\u00eda y fue entre las calles Adonis y Azafr\u00e1n, que un sujeto armado descendi\u00f3 de un veh\u00edculo para dispararle en al menos cinco ocasiones.<\/p>\n<p>Al sitio arribaron param\u00e9dicos pero el joven de entre 25 a 30 a\u00f1os de edad, ya no contaba con signos vitales debido a que presentaba una herida en el cr\u00e1neo y dos m\u00e1s, en distintas partes del cuerpo.<\/p>\n<p>Hasta esta hora trascendi\u00f3 que la v\u00edctima se tratar\u00eda de Jes\u00fas Mart\u00ednez, al\u00edas \u201cBisne\u201d, sin embargo, autoridades no confirmaron la identidad.<\/p>\n<p>En la zona se localizaron cinco casquillos calibre .9 mil\u00edmetros.<\/p>\n<p>Una fuente inform\u00f3 que el ahora occiso se dedicaba a la venta de droga, espec\u00edficamente la sustancia conocida como el \u201cCristal\u201d. Por lo cual, agentes estatales y ministeriales contin\u00faan con las investigaciones pertinentes para encontrar a los responsables de este homicidio, quienes de acuerdo a testigos, se tratar\u00eda de dos sujetos.<\/p>\n<p>Fuente : Telediario<\/p>\n","protected":false},"excerpt":{"rendered":"<p>a v\u00edctima caminaba por la banqueta cuando una persona armada baj\u00f3 de un veh\u00edculo y le dispar\u00f3 al menos cinco ocasiones. CADEREYTA.- De al menos tres balazos, un hombre fue ejecutado en calles de la colonia Jardines de Cadereyta, en el municipio de Cadereyta. El ataque se registr\u00f3 cerca de las 20:30 horas del viernes, [&hellip;]<\/p>\n","protected":false},"author":9,"featured_media":13029,"comment_status":"open","ping_status":"closed","sticky":false,"template":"","format":"standard","meta":{"footnotes":""},"categories":[17],"tags":[926],"class_list":["post-13030","post","type-post","status-publish","format-standard","has-post-thumbnail","hentry","category-locales-cadereyta","tag-ejecutados-cadereyta"],"_links":{"self":[{"href":"https:\/\/laultimapalabra.com.mx\/portal\/wp-json\/wp\/v2\/posts\/13030","targetHints":{"allow":["GET"]}}],"collection":[{"href":"https:\/\/laultimapalabra.com.mx\/portal\/wp-json\/wp\/v2\/posts"}],"about":[{"href":"https:\/\/laultimapalabra.com.mx\/portal\/wp-json\/wp\/v2\/types\/post"}],"author":[{"embeddable":true,"href":"https:\/\/laultimapalabra.com.mx\/portal\/wp-json\/wp\/v2\/users\/9"}],"replies":[{"embeddable":true,"href":"https:\/\/laultimapalabra.com.mx\/portal\/wp-json\/wp\/v2\/comments?post=13030"}],"version-history":[{"count":1,"href":"https:\/\/laultimapalabra.com.mx\/portal\/wp-json\/wp\/v2\/posts\/13030\/revisions"}],"predecessor-version":[{"id":69849,"href":"https:\/\/laultimapalabra.com.mx\/portal\/wp-json\/wp\/v2\/posts\/13030\/revisions\/69849"}],"wp:featuredmedia":[{"embeddable":true,"href":"https:\/\/laultimapalabra.com.mx\/portal\/wp-json\/"}],"wp:attachment":[{"href":"https:\/\/laultimapalabra.com.mx\/portal\/wp-json\/wp\/v2\/media?parent=13030"}],"wp:term":[{"taxonomy":"category","embeddable":true,"href":"https:\/\/laultimapalabra.com.mx\/portal\/wp-json\/wp\/v2\/categories?post=13030"},{"taxonomy":"post_tag","embeddable":true,"href":"https:\/\/laultimapalabra.com.mx\/portal\/wp-json\/wp\/v2\/tags?post=13030"}],"curies":[{"name":"wp","href":"https:\/\/api.w.org\/{rel}","templated":true}]}}