                       {"id":13035,"date":"2020-02-08T18:22:37","date_gmt":"2020-02-09T00:22:37","guid":{"rendered":"http:\/\/laultimapalabra.info\/?p=13035"},"modified":"2024-12-11T10:00:55","modified_gmt":"2024-12-11T16:00:55","slug":"ejecutan-a-uno-en-real-de-cadereyta","status":"publish","type":"post","link":"https:\/\/laultimapalabra.com.mx\/portal\/ejecutan-a-uno-en-real-de-cadereyta\/","title":{"rendered":"Ejecutan a uno en Real de Cadereyta"},"content":{"rendered":"<p><span style=\"color: #333333; font-size: 1rem;\"><img loading=\"lazy\" decoding=\"async\" class=\"size-medium wp-image-13036 alignleft\" src=\"https:\/\/laultimapalabra.com.mx\/portal\/wp-content\/uploads\/2020\/02\/4710899-300x200.jpg\" alt=\"\" width=\"300\" height=\"200\" \/>Cadereyta Jim\u00e9nez, N. L. &#8211; Hombres armados ejecutaron a balazos a un hombre y dejaron grave a otro, en Cadereyta.<\/span><\/p>\n<p>El ataque fue reportado alrededor de las 15:30 horas en una casa ubicada en la calle M\u00e1ximo Reyna Ramos, en la Colonia Real de Cadereyta.<\/p>\n<p>Personal de Emergencia Cadereyta llegaron al sitio junto con polic\u00edas municipales y Fuerza Civil, ya que reportaron detonaciones y a 2 personas heridas por arma de fuego.<\/p>\n<p>En el lugar se confirm\u00f3 la muerte de un hombre identificado extraoficialmente como Jahir, de 21 a\u00f1os.<\/p>\n<p>Mientras que el herido trascendi\u00f3 es Gilberto, de 36 a\u00f1os, quien fue trasladado grave al Hospital de Pemex.<\/p>\n<p>Se desconoce en qu\u00e9 veh\u00edculo huyeron los responsables de la agresi\u00f3n.<\/p>\n<p>Fuente: EL NORTE<\/p>\n","protected":false},"excerpt":{"rendered":"<p>Cadereyta Jim\u00e9nez, N. L. &#8211; Hombres armados ejecutaron a balazos a un hombre y dejaron grave a otro, en Cadereyta. El ataque fue reportado alrededor de las 15:30 horas en una casa ubicada en la calle M\u00e1ximo Reyna Ramos, en la Colonia Real de Cadereyta. Personal de Emergencia Cadereyta llegaron al sitio junto con polic\u00edas [&hellip;]<\/p>\n","protected":false},"author":9,"featured_media":13036,"comment_status":"open","ping_status":"closed","sticky":false,"template":"","format":"standard","meta":{"footnotes":""},"categories":[17,8,9],"tags":[926],"class_list":["post-13035","post","type-post","status-publish","format-standard","has-post-thumbnail","hentry","category-locales-cadereyta","category-seguridad","category-seguridad-cadereyta","tag-ejecutados-cadereyta"],"_links":{"self":[{"href":"https:\/\/laultimapalabra.com.mx\/portal\/wp-json\/wp\/v2\/posts\/13035","targetHints":{"allow":["GET"]}}],"collection":[{"href":"https:\/\/laultimapalabra.com.mx\/portal\/wp-json\/wp\/v2\/posts"}],"about":[{"href":"https:\/\/laultimapalabra.com.mx\/portal\/wp-json\/wp\/v2\/types\/post"}],"author":[{"embeddable":true,"href":"https:\/\/laultimapalabra.com.mx\/portal\/wp-json\/wp\/v2\/users\/9"}],"replies":[{"embeddable":true,"href":"https:\/\/laultimapalabra.com.mx\/portal\/wp-json\/wp\/v2\/comments?post=13035"}],"version-history":[{"count":1,"href":"https:\/\/laultimapalabra.com.mx\/portal\/wp-json\/wp\/v2\/posts\/13035\/revisions"}],"predecessor-version":[{"id":69853,"href":"https:\/\/laultimapalabra.com.mx\/portal\/wp-json\/wp\/v2\/posts\/13035\/revisions\/69853"}],"wp:featuredmedia":[{"embeddable":true,"href":"https:\/\/laultimapalabra.com.mx\/portal\/wp-json\/"}],"wp:attachment":[{"href":"https:\/\/laultimapalabra.com.mx\/portal\/wp-json\/wp\/v2\/media?parent=13035"}],"wp:term":[{"taxonomy":"category","embeddable":true,"href":"https:\/\/laultimapalabra.com.mx\/portal\/wp-json\/wp\/v2\/categories?post=13035"},{"taxonomy":"post_tag","embeddable":true,"href":"https:\/\/laultimapalabra.com.mx\/portal\/wp-json\/wp\/v2\/tags?post=13035"}],"curies":[{"name":"wp","href":"https:\/\/api.w.org\/{rel}","templated":true}]}}