                       {"id":13057,"date":"2020-02-10T16:52:39","date_gmt":"2020-02-10T22:52:39","guid":{"rendered":"http:\/\/laultimapalabra.info\/?p=13057"},"modified":"2024-12-11T10:00:56","modified_gmt":"2024-12-11T16:00:56","slug":"deja-moyar-pc-de-juarez","status":"publish","type":"post","link":"https:\/\/laultimapalabra.com.mx\/portal\/deja-moyar-pc-de-juarez\/","title":{"rendered":"Deja Moyar PC de Ju\u00e1rez"},"content":{"rendered":"<p style=\"text-align: justify;\"><img loading=\"lazy\" decoding=\"async\" class=\"size-medium wp-image-13058 alignright\" src=\"https:\/\/laultimapalabra.com.mx\/portal\/wp-content\/uploads\/2020\/02\/WhatsApp-Image-2020-02-10-at-1.53.36-PM-1-300x169.jpeg\" alt=\"\" width=\"300\" height=\"169\" \/>Ju\u00e1rez, N. L.- La direcci\u00f3n de Protecci\u00f3n Civil y Bomberos Municipal de Ju\u00e1rez ha quedado ac\u00e9fala tras la renuncia del licenciado Francisco Moyar Mart\u00ednez a\u00fan desconoci\u00e9ndose quien ocupar\u00e1 su cargo, ya que Moyar se retir\u00f3 despu\u00e9s de aceptar otro puesto en Protecci\u00f3n Civil en el municipio de Guadalupe, se espera que el nuevo encargado de dicha dependencia arribe a sus instalaciones el d\u00eda de ma\u00f1ana o el mi\u00e9rcoles a mas tardar.<\/p>\n<p style=\"text-align: justify;\">\n","protected":false},"excerpt":{"rendered":"<p>Ju\u00e1rez, N. L.- La direcci\u00f3n de Protecci\u00f3n Civil y Bomberos Municipal de Ju\u00e1rez ha quedado ac\u00e9fala tras la renuncia del licenciado Francisco Moyar Mart\u00ednez a\u00fan desconoci\u00e9ndose quien ocupar\u00e1 su cargo, ya que Moyar se retir\u00f3 despu\u00e9s de aceptar otro puesto en Protecci\u00f3n Civil en el municipio de Guadalupe, se espera que el nuevo encargado de [&hellip;]<\/p>\n","protected":false},"author":9,"featured_media":13058,"comment_status":"open","ping_status":"closed","sticky":false,"template":"","format":"standard","meta":{"footnotes":""},"categories":[8,10],"tags":[1102,1750],"class_list":["post-13057","post","type-post","status-publish","format-standard","has-post-thumbnail","hentry","category-seguridad","category-seguridad-juarez","tag-francisco-moyar","tag-pc-y-bomberos-juarez"],"_links":{"self":[{"href":"https:\/\/laultimapalabra.com.mx\/portal\/wp-json\/wp\/v2\/posts\/13057","targetHints":{"allow":["GET"]}}],"collection":[{"href":"https:\/\/laultimapalabra.com.mx\/portal\/wp-json\/wp\/v2\/posts"}],"about":[{"href":"https:\/\/laultimapalabra.com.mx\/portal\/wp-json\/wp\/v2\/types\/post"}],"author":[{"embeddable":true,"href":"https:\/\/laultimapalabra.com.mx\/portal\/wp-json\/wp\/v2\/users\/9"}],"replies":[{"embeddable":true,"href":"https:\/\/laultimapalabra.com.mx\/portal\/wp-json\/wp\/v2\/comments?post=13057"}],"version-history":[{"count":1,"href":"https:\/\/laultimapalabra.com.mx\/portal\/wp-json\/wp\/v2\/posts\/13057\/revisions"}],"predecessor-version":[{"id":69863,"href":"https:\/\/laultimapalabra.com.mx\/portal\/wp-json\/wp\/v2\/posts\/13057\/revisions\/69863"}],"wp:featuredmedia":[{"embeddable":true,"href":"https:\/\/laultimapalabra.com.mx\/portal\/wp-json\/"}],"wp:attachment":[{"href":"https:\/\/laultimapalabra.com.mx\/portal\/wp-json\/wp\/v2\/media?parent=13057"}],"wp:term":[{"taxonomy":"category","embeddable":true,"href":"https:\/\/laultimapalabra.com.mx\/portal\/wp-json\/wp\/v2\/categories?post=13057"},{"taxonomy":"post_tag","embeddable":true,"href":"https:\/\/laultimapalabra.com.mx\/portal\/wp-json\/wp\/v2\/tags?post=13057"}],"curies":[{"name":"wp","href":"https:\/\/api.w.org\/{rel}","templated":true}]}}