                       {"id":13208,"date":"2020-02-17T16:06:47","date_gmt":"2020-02-17T22:06:47","guid":{"rendered":"http:\/\/laultimapalabra.info\/?p=13208"},"modified":"2024-12-11T10:00:58","modified_gmt":"2024-12-11T16:00:58","slug":"arranca-tatiana-clothier-programa-de-arbirizacion","status":"publish","type":"post","link":"https:\/\/laultimapalabra.com.mx\/portal\/arranca-tatiana-clothier-programa-de-arbirizacion\/","title":{"rendered":"Arranca Tatiana Clothier programa de arbirizaci\u00f3n"},"content":{"rendered":"<p style=\"text-align: justify;\"><img loading=\"lazy\" decoding=\"async\" class=\"size-medium wp-image-13209 alignleft\" src=\"https:\/\/laultimapalabra.com.mx\/portal\/wp-content\/uploads\/2020\/02\/WhatsApp-Image-2020-02-17-at-1.30.04-PM-1-300x169.jpeg\" alt=\"\" width=\"300\" height=\"169\" \/> <img loading=\"lazy\" decoding=\"async\" class=\"size-medium wp-image-13210 alignright\" src=\"https:\/\/laultimapalabra.com.mx\/portal\/wp-content\/uploads\/2020\/02\/WhatsApp-Image-2020-02-17-at-1.31.01-PM-300x169.jpeg\" alt=\"\" width=\"300\" height=\"169\" \/>Cadereyta Jim\u00e9nez, N. L.- La diputada federal por Morena, Tatiana Clouthier acompa\u00f1ada de su hom\u00f3loga Paola Gonz\u00e1lez, estuvieron la ma\u00f1ana de ayer en el \u00e1rea de descanso ubicada sobre el kil\u00f3metro 29 de la Autopista de Ju\u00e1rez a Cadereyta, dando arranque a un programa de arborizaci\u00f3n junto a la asociaci\u00f3n \u201cSalvemos al planeta\u201d, donde se sembraron 100 de los dos mil \u00e1rboles que se sembrar\u00e1n sobre la autopista de Cadereyta a Guadalupe.<br \/>\nEstuvieron acompa\u00f1adas por funcionarios de la REA, de Gobierno Federal, funcionarios municipales y del alcalde de Cadereyta, Ernesto Quintanilla.<\/p>\n<p>&nbsp;<\/p>\n","protected":false},"excerpt":{"rendered":"<p>Cadereyta Jim\u00e9nez, N. L.- La diputada federal por Morena, Tatiana Clouthier acompa\u00f1ada de su hom\u00f3loga Paola Gonz\u00e1lez, estuvieron la ma\u00f1ana de ayer en el \u00e1rea de descanso ubicada sobre el kil\u00f3metro 29 de la Autopista de Ju\u00e1rez a Cadereyta, dando arranque a un programa de arborizaci\u00f3n junto a la asociaci\u00f3n \u201cSalvemos al planeta\u201d, donde se [&hellip;]<\/p>\n","protected":false},"author":9,"featured_media":13211,"comment_status":"open","ping_status":"closed","sticky":false,"template":"","format":"standard","meta":{"footnotes":""},"categories":[17],"tags":[990,2184],"class_list":["post-13208","post","type-post","status-publish","format-standard","has-post-thumbnail","hentry","category-locales-cadereyta","tag-ernesto-quintanilla","tag-tatiana-clouthier"],"_links":{"self":[{"href":"https:\/\/laultimapalabra.com.mx\/portal\/wp-json\/wp\/v2\/posts\/13208","targetHints":{"allow":["GET"]}}],"collection":[{"href":"https:\/\/laultimapalabra.com.mx\/portal\/wp-json\/wp\/v2\/posts"}],"about":[{"href":"https:\/\/laultimapalabra.com.mx\/portal\/wp-json\/wp\/v2\/types\/post"}],"author":[{"embeddable":true,"href":"https:\/\/laultimapalabra.com.mx\/portal\/wp-json\/wp\/v2\/users\/9"}],"replies":[{"embeddable":true,"href":"https:\/\/laultimapalabra.com.mx\/portal\/wp-json\/wp\/v2\/comments?post=13208"}],"version-history":[{"count":1,"href":"https:\/\/laultimapalabra.com.mx\/portal\/wp-json\/wp\/v2\/posts\/13208\/revisions"}],"predecessor-version":[{"id":69933,"href":"https:\/\/laultimapalabra.com.mx\/portal\/wp-json\/wp\/v2\/posts\/13208\/revisions\/69933"}],"wp:featuredmedia":[{"embeddable":true,"href":"https:\/\/laultimapalabra.com.mx\/portal\/wp-json\/"}],"wp:attachment":[{"href":"https:\/\/laultimapalabra.com.mx\/portal\/wp-json\/wp\/v2\/media?parent=13208"}],"wp:term":[{"taxonomy":"category","embeddable":true,"href":"https:\/\/laultimapalabra.com.mx\/portal\/wp-json\/wp\/v2\/categories?post=13208"},{"taxonomy":"post_tag","embeddable":true,"href":"https:\/\/laultimapalabra.com.mx\/portal\/wp-json\/wp\/v2\/tags?post=13208"}],"curies":[{"name":"wp","href":"https:\/\/api.w.org\/{rel}","templated":true}]}}