                       {"id":1328,"date":"2018-04-26T21:12:36","date_gmt":"2018-04-26T21:12:36","guid":{"rendered":"http:\/\/laultimapalabra.info\/?p=1328"},"modified":"2024-12-11T08:37:09","modified_gmt":"2024-12-11T14:37:09","slug":"raul-alcala-una-leyenda","status":"publish","type":"post","link":"https:\/\/laultimapalabra.com.mx\/portal\/raul-alcala-una-leyenda\/","title":{"rendered":"Ra\u00fal Alcal\u00e1, una leyenda"},"content":{"rendered":"<p style=\"text-align: justify;\"><img loading=\"lazy\" decoding=\"async\" class=\"size-medium wp-image-1329 alignleft\" src=\"https:\/\/laultimapalabra.com.mx\/portal\/wp-content\/uploads\/2018\/04\/RAUL-ALCALA-FOTO-2-300x203.jpg\" alt=\"\" width=\"300\" height=\"203\" \/>El primer mexicano que rod\u00f3 en Campos Eliseos en el Tour de Francia\u00a0A<\/p>\n<p style=\"text-align: justify;\">Amante del b\u00e9isbol, ciclista por casualidad. Ra\u00fal Alcal\u00e1 es uno de los atleta m\u00e1s destacados de la historia del ciclismo mexicano, se convirti\u00f3 en el primero en participar en el Tour de Francia cuando apenas ten\u00eda 22 a\u00f1os de edad, dando inicio a una carrera llena de palmar\u00e9s.<br \/>\nIncursion\u00f3 en el ciclismo a partir de una improvisada carrera de bicicletas en el parque de su colonia, en Monterrey, la cual gan\u00f3 y le permiti\u00f3 experimentar la adrenalina que produce montar en bicicleta, a partir de ese momento Ra\u00fal comenz\u00f3 a buscar mayores retos sobre la bicicleta y se lanz\u00f3 a entrenar a los cerros de Nuevo Le\u00f3n descubriendo ah\u00ed su capacidad para desafiar a las monta\u00f1as.<br \/>\nSu inteligencia y estrategia sobre las dos ruedas lo llevaron a competir por M\u00e9xico en la prueba de ruta en los Juegos Ol\u00edmpico de Los \u00c1ngeles 1984, aunque no consigui\u00f3 quedarse con la medalla, fue una excelente vitrina para que el equipo Seven Eleven lo fichara y abriera as\u00ed la puerta m\u00e1s grande del ciclismo mundial: el Tour de Francia.<br \/>\nCon ocho participaciones en el Tour de Francia, el regiomontano consigui\u00f3 el p\u00f3dium m\u00e1ximo de los grandes del ciclismo de nuestro pa\u00eds. El mejor momento como profesional lo logr\u00f3 en 1987 cuando Alcal\u00e1 sorprendi\u00f3 al pelot\u00f3n terminando noveno, en su segunda participaci\u00f3n en el Tour de Francia y conquistar el Maillot Blanc, distinci\u00f3n que se le hace al mejor ciclista joven de la competencia.<br \/>\nRa\u00fal se coron\u00f3 en dos etapas m\u00e1s del Tour, conquist\u00f3 la Cl\u00e1sica de San Sebasti\u00e1n, el Tour Dupont, la Vuelta a Asturias. M\u00e1s tarde ser\u00eda fichado por el equipo PDM de Holanda, en su momento el mejor del mundo. Sigui\u00f3 conquistando las monta\u00f1as de Europa, incluidos los Pirineos, para convertirse en autentica leyenda.<br \/>\nLa \u00faltima parada de Ra\u00fal fue la Subida a Montju\u00efc, despu\u00e9s oficializ\u00f3 su retiro en 1994, dejando un hueco profundo en el deporte nacional que hasta el momento no ha sido ocupado ya que nadie ha igualado las habilidades que distinguieron a nuestro personaje entre en el pelot\u00f3n profesional mundial.<br \/>\nCuriosamente diez a\u00f1os despu\u00e9s de su retirada, con 43 a\u00f1os, Ra\u00fal reapareci\u00f3 en la Vuelta de Chihuahua obteniendo su primera medalla de campeonato nacional. Hoy en d\u00eda su extraordinario carisma y mentalidad de triunfador siguen siendo la llave para creer en sus propios sue\u00f1os, desconociendo los l\u00edmites y convirtiendo sus obst\u00e1culos en fortalezas, tambi\u00e9n fue director en ediciones de la Vuelta M\u00e9xico ahora. Actualmente vive en Monterrey N.L. ahora es promotor de ciclismo. Organiza en varias ciudades del Pa\u00eds y en Texas el Ra\u00fal Alcal\u00e1 Challenge Gran Fondo.<br \/>\nFuente: Gabriela Cervantes, Club de Ciclismo Titanes de Cadereyta<\/p>\n","protected":false},"excerpt":{"rendered":"<p>El primer mexicano que rod\u00f3 en Campos Eliseos en el Tour de Francia\u00a0A Amante del b\u00e9isbol, ciclista por casualidad. Ra\u00fal Alcal\u00e1 es uno de los atleta m\u00e1s destacados de la historia del ciclismo mexicano, se convirti\u00f3 en el primero en participar en el Tour de Francia cuando apenas ten\u00eda 22 a\u00f1os de edad, dando inicio [&hellip;]<\/p>\n","protected":false},"author":9,"featured_media":1329,"comment_status":"open","ping_status":"closed","sticky":false,"template":"","format":"standard","meta":{"footnotes":""},"categories":[1],"tags":[559],"class_list":["post-1328","post","type-post","status-publish","format-standard","has-post-thumbnail","hentry","category-noticias","tag-ciclismo-cadereyta"],"_links":{"self":[{"href":"https:\/\/laultimapalabra.com.mx\/portal\/wp-json\/wp\/v2\/posts\/1328","targetHints":{"allow":["GET"]}}],"collection":[{"href":"https:\/\/laultimapalabra.com.mx\/portal\/wp-json\/wp\/v2\/posts"}],"about":[{"href":"https:\/\/laultimapalabra.com.mx\/portal\/wp-json\/wp\/v2\/types\/post"}],"author":[{"embeddable":true,"href":"https:\/\/laultimapalabra.com.mx\/portal\/wp-json\/wp\/v2\/users\/9"}],"replies":[{"embeddable":true,"href":"https:\/\/laultimapalabra.com.mx\/portal\/wp-json\/wp\/v2\/comments?post=1328"}],"version-history":[{"count":1,"href":"https:\/\/laultimapalabra.com.mx\/portal\/wp-json\/wp\/v2\/posts\/1328\/revisions"}],"predecessor-version":[{"id":63721,"href":"https:\/\/laultimapalabra.com.mx\/portal\/wp-json\/wp\/v2\/posts\/1328\/revisions\/63721"}],"wp:featuredmedia":[{"embeddable":true,"href":"https:\/\/laultimapalabra.com.mx\/portal\/wp-json\/"}],"wp:attachment":[{"href":"https:\/\/laultimapalabra.com.mx\/portal\/wp-json\/wp\/v2\/media?parent=1328"}],"wp:term":[{"taxonomy":"category","embeddable":true,"href":"https:\/\/laultimapalabra.com.mx\/portal\/wp-json\/wp\/v2\/categories?post=1328"},{"taxonomy":"post_tag","embeddable":true,"href":"https:\/\/laultimapalabra.com.mx\/portal\/wp-json\/wp\/v2\/tags?post=1328"}],"curies":[{"name":"wp","href":"https:\/\/api.w.org\/{rel}","templated":true}]}}