                       {"id":1331,"date":"2018-04-26T21:17:05","date_gmt":"2018-04-26T21:17:05","guid":{"rendered":"http:\/\/laultimapalabra.info\/?p=1331"},"modified":"2024-12-11T08:37:09","modified_gmt":"2024-12-11T14:37:09","slug":"el-senor-de-las-sillas","status":"publish","type":"post","link":"https:\/\/laultimapalabra.com.mx\/portal\/el-senor-de-las-sillas\/","title":{"rendered":"El Se\u00f1or de las Sillas"},"content":{"rendered":"<p style=\"text-align: justify;\"><img loading=\"lazy\" decoding=\"async\" class=\"size-medium wp-image-1333 alignleft\" src=\"https:\/\/laultimapalabra.com.mx\/portal\/wp-content\/uploads\/2018\/04\/foto-copia-300x249.jpg\" alt=\"\" width=\"300\" height=\"249\" \/>Por: Dr. Jos\u00e9 Ascenci\u00f3n Tijerina Flores<\/p>\n<p style=\"text-align: justify;\">Don Honorio Sada Garc\u00eda naci\u00f3 en Cadereyta Jim\u00e9nez Nuevo Le\u00f3n a finales del siglo ante pasado, se traslad\u00f3 a Monterrey y estableci\u00f3 un modesto negocio de carpinter\u00eda cercano a lo que hoy es el gran Hotel Ancira. Nunca imagin\u00f3 Don Honorio que con el tiempo aquella humilde carpinter\u00eda llegar\u00eda a ser un pr\u00f3spero negocio de renta de sillas y fabricaci\u00f3n de muebles para banquetes.<br \/>\nHombre de trabajo y gran empe\u00f1o logr\u00f3 acreditar su carpinter\u00eda haciendo muebles a la orden.<br \/>\nEn ese tiempo, en la plaza Zaragoza se daban serenatas los jueves y domingos y los regiomontanos asist\u00edan en gran n\u00famero para disfrutar aquel paseo adornado con m\u00fasica de buen gusto y calidad de los mejores compositores de la \u00e9poca.<br \/>\nEn 1902 lleg\u00f3 a Monterrey un espa\u00f1ol que tra\u00eda con \u00e9l un buen n\u00famero de sillas las cuales alquilaba a los oyentes de las serenatas en la mencionada plaza. Aquel espa\u00f1ol pidi\u00f3 permiso a Don Honorio para guardar sus sillas en la carpinter\u00eda aprovechando la cercan\u00eda con la plaza, pero poco tiempo despu\u00e9s aquel espa\u00f1ol se vio en la necesidad de regresar a su patria, as\u00ed que le vendi\u00f3 aquellos muebles a Don Honorio quien a su vez sigui\u00f3 rentando las sillas para los d\u00edas de serenata.<br \/>\nDon Honorio sigui\u00f3 con su carpinter\u00eda y adem\u00e1s la acrecent\u00f3 como \u201crentador de sillas\u201d negocio que prosper\u00f3 r\u00e1pidamente, por lo que adquiri\u00f3 un carret\u00f3n para transportarlas a eventos sociales.<br \/>\nPoco tiempo despu\u00e9s Don Honorio era conocido a\u00fan en las cr\u00f3nicas de la ciudad como \u201cEl Se\u00f1or de las Sillas\u201d.<br \/>\nPara entonces Don Honorio hab\u00eda contra\u00eddo matrimonio con Do\u00f1a Mar\u00eda Garc\u00eda Chapa en la iglesia de San Juan Bautista, pues ambos eran originarios de esta linda tierra de Cadereyta Jim\u00e9nez Nuevo Le\u00f3n.<br \/>\nEl negocio prosperaba y Do\u00f1a Mar\u00eda result\u00f3 ser una excelente administradora por lo que trasladaron y ampliaron su domicilio a la calle Cuauht\u00e9moc donde Don Honorio continu\u00f3 fabricando mesas con tablones, mientras Do\u00f1a Mar\u00eda elaboraba manteles y cortinas, adem\u00e1s rentaban tambi\u00e9n loza y cuchiller\u00eda, por lo que pronto se volvieron indispensables para todo tipo de eventos.<br \/>\nDurante la gran inundaci\u00f3n de 1909 tuvieron la desgracia de perder todas sus pertenencias, pero con gran esp\u00edritu emprendedor, para 1912 lograron recuperarse en algo y les permiti\u00f3 adquirir un terreno en la calle Espinoza No. 923 al poniente de la ciudad donde construyeron su casa y reinstalaron su negocio.<br \/>\nEn 1938 Don Honorio y Do\u00f1a Mar\u00eda se asociaron con su hija Lidia y su esposo Pedro Garc\u00eda Quintanilla llamando a esa empresa \u201cHonorio Sada, sucesores\u201d. Esta sociedad dur\u00f3 hasta 1945 separ\u00e1ndose Do\u00f1a Lidia y Don Pedro para fundar su propio negocio en el edificio Versalles, el cual alquilaban para banquetes y diversos eventos.<br \/>\nAun cuando Don Honorio y Do\u00f1a Mar\u00eda ya se sent\u00edan cansados, ambos trabajaron hasta los \u00faltimos d\u00edas de sus vidas. Don Honorio falleci\u00f3 en 1955 y Do\u00f1a Mar\u00eda diez a\u00f1os despu\u00e9s.<br \/>\nSus hijos: Ninfa, Lidia, Dora y Valdemar Sada Garc\u00eda continuaron con el ejemplo de sus padres y de aquel primer negocio derivaron: Agencia Sada, S.A. en 1994 y en 1995 se cambi\u00f3 la raz\u00f3n social a Honorio Sada, S.A. de C.V. que aun en la actualidad da servicios a cientos de regiomontanos que requieren atenci\u00f3n para todo tipo de eventos. (Tomado de un reportaje de Don Valdemar en 1995).<br \/>\nEste sencillo relato nos mueve a reflexionar acerca del esp\u00edritu de superaci\u00f3n, disciplina, dedicaci\u00f3n y honestidad de dos jimenenses que cumplieron con la principal funci\u00f3n del ser humano: servir a su comunidad y dar buen ejemplo a sus descendientes y compatriotas. Bien por \u201cEl Se\u00f1or de las Sillas\u201d.<br \/>\nGracias<\/p>\n","protected":false},"excerpt":{"rendered":"<p>Por: Dr. Jos\u00e9 Ascenci\u00f3n Tijerina Flores Don Honorio Sada Garc\u00eda naci\u00f3 en Cadereyta Jim\u00e9nez Nuevo Le\u00f3n a finales del siglo ante pasado, se traslad\u00f3 a Monterrey y estableci\u00f3 un modesto negocio de carpinter\u00eda cercano a lo que hoy es el gran Hotel Ancira. Nunca imagin\u00f3 Don Honorio que con el tiempo aquella humilde carpinter\u00eda llegar\u00eda [&hellip;]<\/p>\n","protected":false},"author":9,"featured_media":1333,"comment_status":"open","ping_status":"closed","sticky":false,"template":"","format":"standard","meta":{"footnotes":""},"categories":[1],"tags":[869,879],"class_list":["post-1331","post","type-post","status-publish","format-standard","has-post-thumbnail","hentry","category-noticias","tag-don-honorio-sada-garcia","tag-dr-jose-ascencion-tijerina-flores"],"_links":{"self":[{"href":"https:\/\/laultimapalabra.com.mx\/portal\/wp-json\/wp\/v2\/posts\/1331","targetHints":{"allow":["GET"]}}],"collection":[{"href":"https:\/\/laultimapalabra.com.mx\/portal\/wp-json\/wp\/v2\/posts"}],"about":[{"href":"https:\/\/laultimapalabra.com.mx\/portal\/wp-json\/wp\/v2\/types\/post"}],"author":[{"embeddable":true,"href":"https:\/\/laultimapalabra.com.mx\/portal\/wp-json\/wp\/v2\/users\/9"}],"replies":[{"embeddable":true,"href":"https:\/\/laultimapalabra.com.mx\/portal\/wp-json\/wp\/v2\/comments?post=1331"}],"version-history":[{"count":1,"href":"https:\/\/laultimapalabra.com.mx\/portal\/wp-json\/wp\/v2\/posts\/1331\/revisions"}],"predecessor-version":[{"id":63723,"href":"https:\/\/laultimapalabra.com.mx\/portal\/wp-json\/wp\/v2\/posts\/1331\/revisions\/63723"}],"wp:featuredmedia":[{"embeddable":true,"href":"https:\/\/laultimapalabra.com.mx\/portal\/wp-json\/"}],"wp:attachment":[{"href":"https:\/\/laultimapalabra.com.mx\/portal\/wp-json\/wp\/v2\/media?parent=1331"}],"wp:term":[{"taxonomy":"category","embeddable":true,"href":"https:\/\/laultimapalabra.com.mx\/portal\/wp-json\/wp\/v2\/categories?post=1331"},{"taxonomy":"post_tag","embeddable":true,"href":"https:\/\/laultimapalabra.com.mx\/portal\/wp-json\/wp\/v2\/tags?post=1331"}],"curies":[{"name":"wp","href":"https:\/\/api.w.org\/{rel}","templated":true}]}}