                       {"id":13328,"date":"2020-02-20T23:52:19","date_gmt":"2020-02-21T05:52:19","guid":{"rendered":"http:\/\/laultimapalabra.info\/?p=13328"},"modified":"2024-12-11T10:00:58","modified_gmt":"2024-12-11T16:00:58","slug":"la-guarida-del-mapache-99","status":"publish","type":"post","link":"https:\/\/laultimapalabra.com.mx\/portal\/la-guarida-del-mapache-99\/","title":{"rendered":"La Guarida del Mapache"},"content":{"rendered":"<p style=\"text-align: justify;\"><img loading=\"lazy\" decoding=\"async\" class=\"size-medium wp-image-155 alignleft\" src=\"https:\/\/laultimapalabra.com.mx\/portal\/wp-content\/uploads\/2018\/02\/mapache-300x282.jpeg\" alt=\"\" width=\"300\" height=\"282\" \/>Por: El Mapache<\/p>\n<p style=\"text-align: justify;\">\u00a1Hola mi querida raza mapachuda! \u00bfQu\u00e9 tal de frio compis? Pues aqu\u00ed su servilleta ya s\u00e1banas que no padece mucho de eso porque siempre he sido de un temperamento ardiente jejeje y el que lo dude que le pregunte a la mapacha sexy para que vean que no miento ni presumo de mas jejeje as\u00ed que esperando que ustedes tambi\u00e9n anden a toda m\u00e1user compis mejor empecemos.<br \/>\nANIVERSARIO<br \/>\nY pues todos andaban en el merequetengue del aniversario de Santa Isabel y Dolores, todos como repre de todos jejejeje digo!! pa que pudieran ser mencionados porque ya saben que al que se mueve no sale en la foto jejeje.<br \/>\nGORDISEMAFORO<br \/>\nY ya saben compis el Gordisemaforo no falte en ning\u00fan mole jejejej y andaba desesperado porque dijeran que llevaba la representaci\u00f3n de mi cuate \u201cVitos Fuentes\u201d, ya saben raza empiezan a acomodarse seg\u00fan ellos para lo que se viene en el 2021 y pues ahora si va a estar bueno, porque todos andan en todos lados jejeje.<br \/>\nCOMPROMISO<br \/>\nLo que si me gust\u00f3 raza es que el \u201cBigotes\u201d Quintanilla se haya comprometido en aquellos lares con que al salir su administration todas las calles de la comunidad van a quedar pavimentadas, ah\u00ed si que me dio gusto por la raza que vive en aquellos lados, ya que la pavimentaci\u00f3n siempre les ser\u00e1 de utilidad con la trasportaci\u00f3n de sus productos compis, eso que ni qu\u00e9.<br \/>\nACCION<br \/>\nLos que ya tambi\u00e9n se ven que andan jalando son los \u201cGreen\u201d porque si no me equivoco raza ya andan empezando con aquello de los bingos jejeje, recuerden que ellos anduvieron por todo el muni la administration pasada, y por lo que se ve les funcion\u00f3 y quieren repetir jejeje<br \/>\nMUERTOS<br \/>\nLo que si es que entre tooooodoos los dem\u00e1s nom\u00e1s no se ve nada de nada compis, los partidos andan mueeeertos caray!! Unos por inactividad y otros porque de plano la raza ya no los pela, pero pues al parecer la trifulca este 2021 estar\u00e1 entre el \u201cGreen\u201d y el \u201cBlue\u201d raza.<br \/>\nAYD<br \/>\nLos que si se la ba\u00f1aron fue los compis de Agua y Drenaje responsabilizando al Muni por la contaminaci\u00f3n del rio jejeje seguramente la gravedad va de abajo pa\u00b4 rriba compis, si ser\u00e1n jejejje y luego salieron con que siempre no, que el paquete era de una pedrera, y la neta es que aqu\u00ed a su servilleta le suena como que lo \u00fanico que quieren es echarle la bolita al que caiga para no jode\u2026 a AyD como deber\u00eda ser, ya que ellos son los responsables desde hace a\u00f1os de esas descargas de aguas sucias.<br \/>\nAPRETON<br \/>\nOigan y en otra cosa, d\u00e9jenme les encargo ah\u00ed en el muni el sem\u00e1foro de la Valle del Roble no sean gachos que ya tiene varios d\u00edas sin funcionar y pues la neta si esta medio complicado el pase ah\u00ed, as\u00ed que \u00e9chenle ganitas y denle soluci\u00f3n pronto.<br \/>\nJUEVES CIUDADANO<br \/>\nSin ciudadanos y sin alcalde jejeje y no es que aqu\u00ed su servilleta quiera hablar mal del buen \u201cBigotes\u201d Quintanilla compis, no nada de eso, lo que pasa es que ayer ni estaba \u00e9l atendiendo el jueves ciudadano, pero afortunadamente tampoco hab\u00eda ciudadanos a la espera, y lo que pasaba es que ocuparon a nuestro edil all\u00e1 en el tercer piso pues tuvo que ausentarse de la pr\u00e1ctica de cada jueves compis, no es que le valga es que a veces llegan cosas de improviso jejeje.<br \/>\nDONDE<br \/>\nOigan y alguien me podr\u00eda decir donde diantres esta la flaquis Ludis de la cenece de C\u00e1diz, digo porque se supon\u00eda que regresaba en Enero y pues yo nada mas no veo claro compis jejejeje y pues ustedes saben que todo ocupa de atenci\u00f3n raza, nada de que atenci\u00f3n hoy si, y ma\u00f1ana no; as\u00ed pues no raza jejeje<br \/>\nPREOCUPACION<br \/>\nYo nada m\u00e1s pregunto raza porque le andan queriendo comer el mandado, bueno, eso desde hace ya un buen rato jejeje y es que anda por ah\u00ed un viej\u00f3n que sue\u00f1a con dirigir la CENECE jejeje y no pierde oportunidad en presentarse como Secretario General de dicha central, as\u00ed como lo leen compis.<br \/>\nSTA CHABE<br \/>\nY si no me creen, preg\u00fantenles a los compis que fueron al revent\u00f3n all\u00e1 en Sta Chabe, donde lo presentaron a don \u201cJonhy\u201d como el mero mero petatero de los campesinos, peeero bueno, alguien tiene que atender el negocio \u00bfno? Jejeje porque los tiempos de jale ya se vienen y luego andan ah\u00ed lament\u00e1ndose que ni en su casa los conocen jejeje\u2026la vemos.<\/p>\n","protected":false},"excerpt":{"rendered":"<p>Por: El Mapache \u00a1Hola mi querida raza mapachuda! \u00bfQu\u00e9 tal de frio compis? Pues aqu\u00ed su servilleta ya s\u00e1banas que no padece mucho de eso porque siempre he sido de un temperamento ardiente jejeje y el que lo dude que le pregunte a la mapacha sexy para que vean que no miento ni presumo de [&hellip;]<\/p>\n","protected":false},"author":9,"featured_media":155,"comment_status":"open","ping_status":"closed","sticky":false,"template":"","format":"standard","meta":{"footnotes":""},"categories":[1],"tags":[940],"class_list":["post-13328","post","type-post","status-publish","format-standard","has-post-thumbnail","hentry","category-noticias","tag-el-mapache-la-guarida-del-mapache"],"_links":{"self":[{"href":"https:\/\/laultimapalabra.com.mx\/portal\/wp-json\/wp\/v2\/posts\/13328","targetHints":{"allow":["GET"]}}],"collection":[{"href":"https:\/\/laultimapalabra.com.mx\/portal\/wp-json\/wp\/v2\/posts"}],"about":[{"href":"https:\/\/laultimapalabra.com.mx\/portal\/wp-json\/wp\/v2\/types\/post"}],"author":[{"embeddable":true,"href":"https:\/\/laultimapalabra.com.mx\/portal\/wp-json\/wp\/v2\/users\/9"}],"replies":[{"embeddable":true,"href":"https:\/\/laultimapalabra.com.mx\/portal\/wp-json\/wp\/v2\/comments?post=13328"}],"version-history":[{"count":1,"href":"https:\/\/laultimapalabra.com.mx\/portal\/wp-json\/wp\/v2\/posts\/13328\/revisions"}],"predecessor-version":[{"id":69965,"href":"https:\/\/laultimapalabra.com.mx\/portal\/wp-json\/wp\/v2\/posts\/13328\/revisions\/69965"}],"wp:featuredmedia":[{"embeddable":true,"href":"https:\/\/laultimapalabra.com.mx\/portal\/wp-json\/"}],"wp:attachment":[{"href":"https:\/\/laultimapalabra.com.mx\/portal\/wp-json\/wp\/v2\/media?parent=13328"}],"wp:term":[{"taxonomy":"category","embeddable":true,"href":"https:\/\/laultimapalabra.com.mx\/portal\/wp-json\/wp\/v2\/categories?post=13328"},{"taxonomy":"post_tag","embeddable":true,"href":"https:\/\/laultimapalabra.com.mx\/portal\/wp-json\/wp\/v2\/tags?post=13328"}],"curies":[{"name":"wp","href":"https:\/\/api.w.org\/{rel}","templated":true}]}}