                       {"id":13358,"date":"2020-02-21T16:42:54","date_gmt":"2020-02-21T22:42:54","guid":{"rendered":"http:\/\/laultimapalabra.info\/?p=13358"},"modified":"2024-12-11T10:00:58","modified_gmt":"2024-12-11T16:00:58","slug":"celebran-cenopistas-dia-de-la-amistad-en-juarez","status":"publish","type":"post","link":"https:\/\/laultimapalabra.com.mx\/portal\/celebran-cenopistas-dia-de-la-amistad-en-juarez\/","title":{"rendered":"Celebran cenopistas Dia de la Amistad en Ju\u00e1rez"},"content":{"rendered":"<p><img loading=\"lazy\" decoding=\"async\" class=\"size-medium wp-image-13349 alignleft\" src=\"https:\/\/laultimapalabra.com.mx\/portal\/wp-content\/uploads\/2020\/02\/WhatsApp-Image-2020-02-21-at-8.06.08-AM-1-300x200.jpeg\" alt=\"\" width=\"300\" height=\"200\" \/> <img loading=\"lazy\" decoding=\"async\" class=\"size-medium wp-image-13353 alignright\" src=\"https:\/\/laultimapalabra.com.mx\/portal\/wp-content\/uploads\/2020\/02\/WhatsApp-Image-2020-02-21-at-8.06.10-AM-300x200.jpeg\" alt=\"\" width=\"300\" height=\"200\" \/>Cadereyta Jim\u00e9nez, N. L.- Con la afluencia de cientos cenopistas la tarde de ayer la Confederaci\u00f3n Nacional de Organizaciones Populares en Ju\u00e1rez y su l\u00edder, Paco Trevi\u00f1o Cant\u00fa realizaron el festejo por el D\u00eda de la Amistad en un centro de eventos ubicado en el casco de la ciudad.<br \/>\nAcompa\u00f1ado por el Ex Alcalde, Presidente del Pri y tambi\u00e9n cenop\u00edsta Julio Cesar Cant\u00fa Gonz\u00e1lez, Trevi\u00f1o Cant\u00fa exalt\u00f3 el valor de la amistad y tambi\u00e9n anunci\u00f3 la realizaci\u00f3n de brigadas medico asistenciales en distintas colonias.<\/p>\n<p>&nbsp;<\/p>\n","protected":false},"excerpt":{"rendered":"<p>Cadereyta Jim\u00e9nez, N. L.- Con la afluencia de cientos cenopistas la tarde de ayer la Confederaci\u00f3n Nacional de Organizaciones Populares en Ju\u00e1rez y su l\u00edder, Paco Trevi\u00f1o Cant\u00fa realizaron el festejo por el D\u00eda de la Amistad en un centro de eventos ubicado en el casco de la ciudad. Acompa\u00f1ado por el Ex Alcalde, Presidente [&hellip;]<\/p>\n","protected":false},"author":9,"featured_media":13350,"comment_status":"open","ping_status":"closed","sticky":false,"template":"","format":"standard","meta":{"footnotes":""},"categories":[18],"tags":[592,1685],"class_list":["post-13358","post","type-post","status-publish","format-standard","has-post-thumbnail","hentry","category-locales-juarez","tag-cnop-juarez","tag-paco-trevino-cnop-juarez"],"_links":{"self":[{"href":"https:\/\/laultimapalabra.com.mx\/portal\/wp-json\/wp\/v2\/posts\/13358","targetHints":{"allow":["GET"]}}],"collection":[{"href":"https:\/\/laultimapalabra.com.mx\/portal\/wp-json\/wp\/v2\/posts"}],"about":[{"href":"https:\/\/laultimapalabra.com.mx\/portal\/wp-json\/wp\/v2\/types\/post"}],"author":[{"embeddable":true,"href":"https:\/\/laultimapalabra.com.mx\/portal\/wp-json\/wp\/v2\/users\/9"}],"replies":[{"embeddable":true,"href":"https:\/\/laultimapalabra.com.mx\/portal\/wp-json\/wp\/v2\/comments?post=13358"}],"version-history":[{"count":1,"href":"https:\/\/laultimapalabra.com.mx\/portal\/wp-json\/wp\/v2\/posts\/13358\/revisions"}],"predecessor-version":[{"id":69977,"href":"https:\/\/laultimapalabra.com.mx\/portal\/wp-json\/wp\/v2\/posts\/13358\/revisions\/69977"}],"wp:featuredmedia":[{"embeddable":true,"href":"https:\/\/laultimapalabra.com.mx\/portal\/wp-json\/"}],"wp:attachment":[{"href":"https:\/\/laultimapalabra.com.mx\/portal\/wp-json\/wp\/v2\/media?parent=13358"}],"wp:term":[{"taxonomy":"category","embeddable":true,"href":"https:\/\/laultimapalabra.com.mx\/portal\/wp-json\/wp\/v2\/categories?post=13358"},{"taxonomy":"post_tag","embeddable":true,"href":"https:\/\/laultimapalabra.com.mx\/portal\/wp-json\/wp\/v2\/tags?post=13358"}],"curies":[{"name":"wp","href":"https:\/\/api.w.org\/{rel}","templated":true}]}}