                       {"id":13475,"date":"2020-02-27T18:36:02","date_gmt":"2020-02-28T00:36:02","guid":{"rendered":"http:\/\/laultimapalabra.info\/?p=13475"},"modified":"2024-12-11T10:00:59","modified_gmt":"2024-12-11T16:00:59","slug":"la-guarida-del-mapache-100","status":"publish","type":"post","link":"https:\/\/laultimapalabra.com.mx\/portal\/la-guarida-del-mapache-100\/","title":{"rendered":"La Guarida del Mapache"},"content":{"rendered":"<p><img loading=\"lazy\" decoding=\"async\" class=\"size-medium wp-image-155 alignleft\" src=\"https:\/\/laultimapalabra.com.mx\/portal\/wp-content\/uploads\/2018\/02\/mapache-300x282.jpeg\" alt=\"\" width=\"300\" height=\"282\" \/>Por: El Mapache<\/p>\n<p style=\"text-align: justify;\">\u00bfQu\u00e9 onda raza mapachuda? Espero que se encuentren a todo dar y que se hayan preparado con lo del frio jejeje y no se les anden congelando, y ya despu\u00e9s de tremendo saludo compis pues yo creo que comenzamos con la cotorreada porque la neta del planeta es que ya me quiero ir a empiernar con la mapacha sexy jejeje<br \/>\nDE ROL<br \/>\nEs como anduvo nuestro queridis\u00edsismo compi el \u201cBigotes\u201d Quintanilla la semanuca pasada, y es que el vato andaba hasta comiendo pizza en un comercio local, que por ellos que bueno si es que no los fue a \u201cbatear\u201d jejeje es broma, es broma, estamos seguros que el manda m\u00e1s de C\u00e1diz se ha de haber comportado a la altura raza.<br \/>\nTIEMPOS<br \/>\nY esto despu\u00e9s de que no es muy com\u00fan verlo cenando con la familia como cualquier hijo de vecino, al menos desde que es alcalde jejeje, no nos dice otra cosa mas que los tiempos que ya se acercan vuelven a ser de convivir con la raza, y dejarse ver lo m\u00e1s posible en la calle, obviamente tratando siempre de caerle mejor a los jimenenses jejeje.<br \/>\nVENTAJA<br \/>\nY es que pues aunque a muchos no les guste, es claro que el compi ya lleva ventaja en cuanto a proyecci\u00f3n polaca raza, es el number one \u00a1\u00a1ya si no!! Y el que pega primero pega m\u00e1s \u201cjuerte\u201d jejeje, ya nom\u00e1s es cuesti\u00f3n de que cuide el capital polaco jejeje.<br \/>\nSUBORDINADOS<br \/>\nAunque si les soy sincero son m\u00e1s los que la \u201ccajetean\u201d de sus achichincles que \u00e9l mismo, eso tambi\u00e9n deber\u00eda irlo cuidando el compi.<br \/>\nGRUPO<br \/>\nY hablando de los achichincles compis, d\u00e9jenme les cotorreo que como ya se habr\u00e1n entera\u2019o de nuestra Guardia Municipal pues ahora resulta que en lugar de pistolas y balas, ser\u00e1n resorteras jejeje, no, la verdad es que la idea es buena, pero habr\u00e1 que ver si es factible y efectiva con la clase de delincuencia con la que cargamos en C\u00e1diz en la actualidad.<br \/>\nINVERSION<br \/>\nYa que se planea invertir un buen billete en la seguridad, pues lo menos que nos esperamos la raza es que sea efectiva \u00bfno? Aunque de antemano todos sabemos que eso no depende solo del gobierno, \u00bfpara qu\u00e9 nos hacemos los locos solos? Jejeje.<br \/>\nDESPELUZADOS<br \/>\nY hablando de polis y represiones, ah no de \u00e9se tema hablaremos en un par de semanucas compis, pero d\u00e9jenme les cotorreo que pues ya no se supo nada de la situaci\u00f3n de los cristianos que se moquetearon los polis en San Juanito hace semanas, pero eso s\u00ed, nos lleg\u00f3 el chisme de que los polis est\u00e1n siendo bien sacrificados y despeluzados.<br \/>\nMONEY<br \/>\nY es que a pesar que desde mi punto de vista debieron esperar para suspenderlos hasta despu\u00e9s de las averiguaciones, todav\u00eda andan salados y no les est\u00e1n pagando nadita, nada y eso si es castigo compis porque ni jalan aqu\u00ed ni ganan; y ni pueden irse a jalar a otro lado porque est\u00e1n activos aqu\u00ed. Y eso que se supone que est\u00e1n suspendidos con goce de sueldo y niguas, los tienen a pan y agua.<br \/>\nDEFENSOR<br \/>\nY ya saben raza que yo no defiendo a nadie pero la neta del planeta que nada m\u00e1s lo que es, y estar sin morlacos para la family no se le desea a nadie.<br \/>\nMETA<br \/>\nAunque por m\u00e1s que quiero que me cuadre, pues la neta es que con eso de la Guardia Municipal, y de los 260 elementos que quiere mi compi \u201cBigotes\u201d Quintanilla para mediaci\u00f3n de a\u00f1o, no veo como le vaya a llegar a reclutar tanta raza que falta porque pues \u00e9l contrata 6 y su secre \u201cChinto\u201d corre 15 jejeje es un decir, ya s\u00e9 que exagere pero es que el hombre anda bien filoso, y si lo miras feo vas pa\u00b4 fuera jejeje asi que no s\u00e9 c\u00f3mo su patr\u00f3n va a llegar a la meta, eso sin contar con su grupo de polis favoritos, si hombre!! Esos que hacen desmanes y nadie les dice nada; pero de ellos yaaaa les platicar\u00e9 razita jejeje.<br \/>\nPACHANGON<br \/>\nFue el que se arm\u00f3 el weekend pasado compis ah\u00ed en el campo de B\u00e9isbol de Ligas Peque\u00f1as, con motivo del cumple de Carlos \u201cEl Cuate de Emeterio\u201d Rodr\u00edguez jejeje donde dicen que se arm\u00f3 bueno el fiest\u00f3n.<br \/>\nMARES<br \/>\nDe whisky es lo que dicen que hubo aparte de la beer raza, la neta es que yo no pude andar por ah\u00ed pero como quiera ya saben que todo me llega jejeje, as\u00ed que me enter\u00e9 quienes quedaron tirados cual vil trapo sucio por las esquinas del campo jejeje.<br \/>\nERARIO<br \/>\nS\u00f3lo esperamos que en dicha pachanga no se haya gastado un solo peso del erario compis jejejeje as\u00ed como cuando se festej\u00f3 en el lienzo charro \u00bfse acuerdan? Jejeje a mi nada se me olvida compis\u2026.la vemos.<\/p>\n","protected":false},"excerpt":{"rendered":"<p>Por: El Mapache \u00bfQu\u00e9 onda raza mapachuda? Espero que se encuentren a todo dar y que se hayan preparado con lo del frio jejeje y no se les anden congelando, y ya despu\u00e9s de tremendo saludo compis pues yo creo que comenzamos con la cotorreada porque la neta del planeta es que ya me quiero [&hellip;]<\/p>\n","protected":false},"author":9,"featured_media":155,"comment_status":"open","ping_status":"closed","sticky":false,"template":"","format":"standard","meta":{"footnotes":""},"categories":[1],"tags":[940],"class_list":["post-13475","post","type-post","status-publish","format-standard","has-post-thumbnail","hentry","category-noticias","tag-el-mapache-la-guarida-del-mapache"],"_links":{"self":[{"href":"https:\/\/laultimapalabra.com.mx\/portal\/wp-json\/wp\/v2\/posts\/13475","targetHints":{"allow":["GET"]}}],"collection":[{"href":"https:\/\/laultimapalabra.com.mx\/portal\/wp-json\/wp\/v2\/posts"}],"about":[{"href":"https:\/\/laultimapalabra.com.mx\/portal\/wp-json\/wp\/v2\/types\/post"}],"author":[{"embeddable":true,"href":"https:\/\/laultimapalabra.com.mx\/portal\/wp-json\/wp\/v2\/users\/9"}],"replies":[{"embeddable":true,"href":"https:\/\/laultimapalabra.com.mx\/portal\/wp-json\/wp\/v2\/comments?post=13475"}],"version-history":[{"count":1,"href":"https:\/\/laultimapalabra.com.mx\/portal\/wp-json\/wp\/v2\/posts\/13475\/revisions"}],"predecessor-version":[{"id":70013,"href":"https:\/\/laultimapalabra.com.mx\/portal\/wp-json\/wp\/v2\/posts\/13475\/revisions\/70013"}],"wp:featuredmedia":[{"embeddable":true,"href":"https:\/\/laultimapalabra.com.mx\/portal\/wp-json\/"}],"wp:attachment":[{"href":"https:\/\/laultimapalabra.com.mx\/portal\/wp-json\/wp\/v2\/media?parent=13475"}],"wp:term":[{"taxonomy":"category","embeddable":true,"href":"https:\/\/laultimapalabra.com.mx\/portal\/wp-json\/wp\/v2\/categories?post=13475"},{"taxonomy":"post_tag","embeddable":true,"href":"https:\/\/laultimapalabra.com.mx\/portal\/wp-json\/wp\/v2\/tags?post=13475"}],"curies":[{"name":"wp","href":"https:\/\/api.w.org\/{rel}","templated":true}]}}