                       {"id":13477,"date":"2020-02-27T18:49:59","date_gmt":"2020-02-28T00:49:59","guid":{"rendered":"http:\/\/laultimapalabra.info\/?p=13477"},"modified":"2024-12-11T10:00:59","modified_gmt":"2024-12-11T16:00:59","slug":"usted-tiene-la-ultima-palabra-99","status":"publish","type":"post","link":"https:\/\/laultimapalabra.com.mx\/portal\/usted-tiene-la-ultima-palabra-99\/","title":{"rendered":"Usted tiene&#8230;La \u00daltima Palabra"},"content":{"rendered":"<p><img loading=\"lazy\" decoding=\"async\" class=\"size-medium wp-image-390 alignleft\" src=\"https:\/\/laultimapalabra.com.mx\/portal\/wp-content\/uploads\/2018\/02\/28169846_1705449459476714_78449556_o-203x300.jpg\" alt=\"\" width=\"203\" height=\"300\" \/><strong>F\u00e1tima<\/strong><\/p>\n<p style=\"text-align: justify;\">Por: Ing. Jes\u00fas Herrera R\u00e1bago<\/p>\n<p style=\"text-align: justify;\">Se suele decir que del dicho al hecho, hay mucho trecho. Quiz\u00e1 uno de estos casos sea el tan conocido proverbio: \u201cA una mujer, no se le pega ni con el p\u00e9talo de una rosa\u201d. Es innegable que suena maravilloso y lleno de sentido, pero desgraciadamente a lo largo de la historia la discriminaci\u00f3n y opresi\u00f3n a la mujer ha sido constante.<br \/>\nEs cierto que desde el siglo pasado empez\u00f3 el movimiento \u201cfeminista\u201d a defender los derechos de la mujer. C\u00e9lebre es, por ejemplo, el libro de la fil\u00f3sofa francesa, Simone de Beauvoir, \u201cEl segundo sexo\u201d, que para muchos ha sido un ancla o un punto de fuga que ha permitido llegar a donde no se hab\u00eda podido. Para 1949, en que lo escribi\u00f3, fue una osad\u00eda que muchos rechazaron en\u00e9rgicamente, pues mostraba la desigualdad y subordinaci\u00f3n de las mujeres, por lo cual lanz\u00f3 su famosa sentencia que ha servido como grito de guerra para el tema feminista: \u201cNo se nace mujer: se llega a serlo\u201d.<br \/>\nTristemente, m\u00e1s de medio siglo no ha logrado erradicar la violencia y la discriminaci\u00f3n a las mujeres. En pleno siglo XXI, y no s\u00f3lo en comunidades m\u00e1s alejadas de la civilizaci\u00f3n, sino en las mismas urbes, nos encontramos con casos lamentables donde las mujeres sufren todo tipo de vejaci\u00f3n.<br \/>\nLos casos m\u00e1s dram\u00e1ticos son los \u201cfeminicidios\u201d, que son los asesinatos de una mujer a manos de un hombre por machismo o misoginia. En enero de este a\u00f1o, se reportaron 73 en el pa\u00eds, y Nuevo Le\u00f3n fue el primer lugar con 8 casos.<br \/>\nPara algunos podr\u00edan parecer pocos, o habr\u00eda temas m\u00e1s graves en el pa\u00eds, sin embargo, el tema no son s\u00f3lo los asesinatos, sino el maltrato f\u00edsico, psicol\u00f3gico, verbal, que las mujeres viven en su hogares, en el trabajo o incluso en la calle, donde sufren acoso como es el caso en el Metro o en los camiones.<br \/>\nAunque todos los a\u00f1os se realizan actos, eventos, marchas o protestas por este tema en el marco del D\u00eda Internacional de la Mujer, este a\u00f1o en M\u00e9xico, ha tomado un tinte especial, pues los \u00faltimo casos de feminicidio de Ingrid y de la ni\u00f1a F\u00e1tima Cecilia, \u201cHan sido la gota que derram\u00f3 el vaso\u201d, ya que al no ser suficientes las protestas y marchas, convocaron a un paro nacional de mujeres para hacerse escuchar m\u00e1s fuerte.<br \/>\nMuchas empresas, instituciones educativas y empresas, han manifestado su apoyo para que ese d\u00eda las mujeres que decidan unirse al paro y no hacer nada, no sean afectadas en su salario o con alg\u00fan tipo de castigo. Quiz\u00e1 no se alcance la totalidad, pero en definitiva, como se visualiza el panorama, ser\u00e1 un d\u00eda hist\u00f3rico.<br \/>\nAs\u00ed las cosas, qu\u00e9 bueno que este movimiento apuntale la lucha contra el \u201cmachismo\u201d o la \u201cmisoginia\u201d, pero creo que no basta sino llegamos a cambiar la cultura desde la casa a trav\u00e9s de las nuevas generaciones. Creo que ah\u00ed est\u00e1 la clave para erradicar, como muchos otros, este grave problema.<br \/>\nEsta es mi opini\u00f3n, usted tiene La \u00daltima Palabra.<\/p>\n","protected":false},"excerpt":{"rendered":"<p>F\u00e1tima Por: Ing. Jes\u00fas Herrera R\u00e1bago Se suele decir que del dicho al hecho, hay mucho trecho. Quiz\u00e1 uno de estos casos sea el tan conocido proverbio: \u201cA una mujer, no se le pega ni con el p\u00e9talo de una rosa\u201d. Es innegable que suena maravilloso y lleno de sentido, pero desgraciadamente a lo largo [&hellip;]<\/p>\n","protected":false},"author":9,"featured_media":390,"comment_status":"open","ping_status":"closed","sticky":false,"template":"","format":"standard","meta":{"footnotes":""},"categories":[1],"tags":[1278],"class_list":["post-13477","post","type-post","status-publish","format-standard","has-post-thumbnail","hentry","category-noticias","tag-ing-jesus-herrera-rabago"],"_links":{"self":[{"href":"https:\/\/laultimapalabra.com.mx\/portal\/wp-json\/wp\/v2\/posts\/13477","targetHints":{"allow":["GET"]}}],"collection":[{"href":"https:\/\/laultimapalabra.com.mx\/portal\/wp-json\/wp\/v2\/posts"}],"about":[{"href":"https:\/\/laultimapalabra.com.mx\/portal\/wp-json\/wp\/v2\/types\/post"}],"author":[{"embeddable":true,"href":"https:\/\/laultimapalabra.com.mx\/portal\/wp-json\/wp\/v2\/users\/9"}],"replies":[{"embeddable":true,"href":"https:\/\/laultimapalabra.com.mx\/portal\/wp-json\/wp\/v2\/comments?post=13477"}],"version-history":[{"count":1,"href":"https:\/\/laultimapalabra.com.mx\/portal\/wp-json\/wp\/v2\/posts\/13477\/revisions"}],"predecessor-version":[{"id":70015,"href":"https:\/\/laultimapalabra.com.mx\/portal\/wp-json\/wp\/v2\/posts\/13477\/revisions\/70015"}],"wp:featuredmedia":[{"embeddable":true,"href":"https:\/\/laultimapalabra.com.mx\/portal\/wp-json\/"}],"wp:attachment":[{"href":"https:\/\/laultimapalabra.com.mx\/portal\/wp-json\/wp\/v2\/media?parent=13477"}],"wp:term":[{"taxonomy":"category","embeddable":true,"href":"https:\/\/laultimapalabra.com.mx\/portal\/wp-json\/wp\/v2\/categories?post=13477"},{"taxonomy":"post_tag","embeddable":true,"href":"https:\/\/laultimapalabra.com.mx\/portal\/wp-json\/wp\/v2\/tags?post=13477"}],"curies":[{"name":"wp","href":"https:\/\/api.w.org\/{rel}","templated":true}]}}