                       {"id":13518,"date":"2020-03-02T12:33:04","date_gmt":"2020-03-02T18:33:04","guid":{"rendered":"http:\/\/laultimapalabra.info\/?p=13518"},"modified":"2024-12-11T10:01:00","modified_gmt":"2024-12-11T16:01:00","slug":"arranca-censo-2020-en-cadereyta","status":"publish","type":"post","link":"https:\/\/laultimapalabra.com.mx\/portal\/arranca-censo-2020-en-cadereyta\/","title":{"rendered":"Arranca Censo 2020 en Cadereyta"},"content":{"rendered":"<p style=\"text-align: justify;\"><img loading=\"lazy\" decoding=\"async\" class=\"size-medium wp-image-13519 alignright\" src=\"https:\/\/laultimapalabra.com.mx\/portal\/wp-content\/uploads\/2020\/03\/WhatsApp-Image-2020-03-02-at-12.05.15-PM-1-300x189.jpeg\" alt=\"\" width=\"300\" height=\"189\" \/> Cadereyta Jimenez, N. L.- Para dar el ejemplo y ampliar el tema del Censo de poblaci\u00f3n y vivienda 2020; la ma\u00f1ana de hoy se inici\u00f3 con este proceso en punto de las 9:00 de la ma\u00f1ana en la casa del alcalde de Cadereyta Ernesto Quintanilla Villarreal, lugar donde personal del Instituto Nacional de Estad\u00edstica y Geograf\u00eda previamente identificado realiz\u00f3 la encuesta correspondiente.<br \/>\n\u201cEs muy importante el censo de poblaci\u00f3n 2020; pedirles a los ciudadanos que primeramente identifiquen al personal del INEGI y posteriormente, contesten las preguntas del entrevistador ya que es important\u00edsimo saber realmente cu\u00e1ntos habitantes somos en Cadereyta\u201d, coment\u00f3 Quintanilla Villarreal.<br \/>\nAgreg\u00f3 el edil jimenence que este censo de poblaci\u00f3n es muy importante para los mexicanos y tambi\u00e9n para el Gobierno Municipal ya que al ampliarse el n\u00famero de habitantes, tambi\u00e9n se podr\u00eda ampliar el pr\u00f3ximo presupuesto anual que se asigne al municipio de Cadereyta e invertir en mayor obra p\u00fablica o en las principales necesidades del \u00e1rea urbana y rural que la sociedad solicita a su gobierno. <img loading=\"lazy\" decoding=\"async\" class=\"size-medium wp-image-13520 alignleft\" src=\"https:\/\/laultimapalabra.com.mx\/portal\/wp-content\/uploads\/2020\/03\/WhatsApp-Image-2020-03-02-at-12.05.16-PM-1-300x200.jpeg\" alt=\"\" width=\"300\" height=\"200\" \/><br \/>\nNancy Eneida Vargas Vizcarra, Coordinadora de Zona del INEGI, agreg\u00f3 que el objetivo principal ser\u00e1 sacar la cuenta de la poblaci\u00f3n residente del pa\u00eds, as\u00ed como la informaci\u00f3n sobre su estructura y principales caracter\u00edsticas socioecon\u00f3micas y culturales, adem\u00e1s de su distribuci\u00f3n en el territorio nacional.<br \/>\nPara evitar desconfianza a los censores, el INEGI brinda elementos para que puedan ser identificados, tales como una credencial oficial, que lleva un logotipo del operativo y de la instituci\u00f3n.<br \/>\nPortan adem\u00e1s chaleco, mochila y gorra, tambi\u00e9n con los respectivos logotipos, datos del personal que recorrer\u00e1 los domicilios pueden ser consultados en Internet en el portal https:\/\/censo2020.mx a trav\u00e9s de men\u00fa de entidades federativas, n\u00famero de credencial y nombre para facilitar el proceso.<\/p>\n","protected":false},"excerpt":{"rendered":"<p>Cadereyta Jimenez, N. L.- Para dar el ejemplo y ampliar el tema del Censo de poblaci\u00f3n y vivienda 2020; la ma\u00f1ana de hoy se inici\u00f3 con este proceso en punto de las 9:00 de la ma\u00f1ana en la casa del alcalde de Cadereyta Ernesto Quintanilla Villarreal, lugar donde personal del Instituto Nacional de Estad\u00edstica y [&hellip;]<\/p>\n","protected":false},"author":9,"featured_media":13521,"comment_status":"open","ping_status":"closed","sticky":false,"template":"","format":"standard","meta":{"footnotes":""},"categories":[17],"tags":[522,990],"class_list":["post-13518","post","type-post","status-publish","format-standard","has-post-thumbnail","hentry","category-locales-cadereyta","tag-censo-2020","tag-ernesto-quintanilla"],"_links":{"self":[{"href":"https:\/\/laultimapalabra.com.mx\/portal\/wp-json\/wp\/v2\/posts\/13518","targetHints":{"allow":["GET"]}}],"collection":[{"href":"https:\/\/laultimapalabra.com.mx\/portal\/wp-json\/wp\/v2\/posts"}],"about":[{"href":"https:\/\/laultimapalabra.com.mx\/portal\/wp-json\/wp\/v2\/types\/post"}],"author":[{"embeddable":true,"href":"https:\/\/laultimapalabra.com.mx\/portal\/wp-json\/wp\/v2\/users\/9"}],"replies":[{"embeddable":true,"href":"https:\/\/laultimapalabra.com.mx\/portal\/wp-json\/wp\/v2\/comments?post=13518"}],"version-history":[{"count":1,"href":"https:\/\/laultimapalabra.com.mx\/portal\/wp-json\/wp\/v2\/posts\/13518\/revisions"}],"predecessor-version":[{"id":70039,"href":"https:\/\/laultimapalabra.com.mx\/portal\/wp-json\/wp\/v2\/posts\/13518\/revisions\/70039"}],"wp:featuredmedia":[{"embeddable":true,"href":"https:\/\/laultimapalabra.com.mx\/portal\/wp-json\/"}],"wp:attachment":[{"href":"https:\/\/laultimapalabra.com.mx\/portal\/wp-json\/wp\/v2\/media?parent=13518"}],"wp:term":[{"taxonomy":"category","embeddable":true,"href":"https:\/\/laultimapalabra.com.mx\/portal\/wp-json\/wp\/v2\/categories?post=13518"},{"taxonomy":"post_tag","embeddable":true,"href":"https:\/\/laultimapalabra.com.mx\/portal\/wp-json\/wp\/v2\/tags?post=13518"}],"curies":[{"name":"wp","href":"https:\/\/api.w.org\/{rel}","templated":true}]}}