                       {"id":13528,"date":"2020-03-02T13:39:14","date_gmt":"2020-03-02T19:39:14","guid":{"rendered":"http:\/\/laultimapalabra.info\/?p=13528"},"modified":"2024-12-11T10:01:00","modified_gmt":"2024-12-11T16:01:00","slug":"llega-la-brigada-para-ti-a-praderas-de-san-juan","status":"publish","type":"post","link":"https:\/\/laultimapalabra.com.mx\/portal\/llega-la-brigada-para-ti-a-praderas-de-san-juan\/","title":{"rendered":"Llega la &#8220;Brigada para ti&#8221; a Praderas de San Juan"},"content":{"rendered":"<p style=\"text-align: justify;\"><img loading=\"lazy\" decoding=\"async\" class=\"size-medium wp-image-13529 alignleft\" src=\"https:\/\/laultimapalabra.com.mx\/portal\/wp-content\/uploads\/2020\/03\/WhatsApp-Image-2020-03-01-at-5.54.58-PM-300x169.jpeg\" alt=\"\" width=\"300\" height=\"169\" \/> Ju\u00e1rez, N. L.- El pasado s\u00e1bado 29 de febrero se llev\u00f3 a cabo la segunda brigada m\u00e9dico asistencial de la CNOP Ju\u00e1rez en la colonia Praderas de San Juan de este municipio.<br \/>\nEl Secretario General del sector popular en Ju\u00e1rez, Paco Trevi\u00f1o, llev\u00f3 a los vecinos que llenaron el lugar, los servicios de consulta m\u00e9dica, nutrici\u00f3n, optometr\u00eda y art\u00edculos contra la pediculosis.<br \/>\n<img loading=\"lazy\" decoding=\"async\" class=\"size-medium wp-image-13530 alignright\" src=\"https:\/\/laultimapalabra.com.mx\/portal\/wp-content\/uploads\/2020\/03\/WhatsApp-Image-2020-03-01-at-5.59.34-PM-300x225.jpeg\" alt=\"\" width=\"300\" height=\"225\" \/>Tambi\u00e9n se beneficiaron los vecinos con corte de pelo gratuito, \u00e1rea infantil para colorear, consulta jur\u00eddica, bolsa de empleo y la tradicional loter\u00eda, que disfrutaron las amas de casa.<br \/>\nEn su discurso, Paco Trevi\u00f1o mencion\u00f3 que aparte de las &#8220;Brigadas para Ti&#8221;, se est\u00e1n llevando a cabo diferentes cursos a grupos organizados en las diferentes colonias, adem\u00e1s del pr\u00f3ximo servicio de m\u00e9dico en tu casa, con medicamento de cuadro b\u00e1sico para la salud.<\/p>\n","protected":false},"excerpt":{"rendered":"<p>Ju\u00e1rez, N. L.- El pasado s\u00e1bado 29 de febrero se llev\u00f3 a cabo la segunda brigada m\u00e9dico asistencial de la CNOP Ju\u00e1rez en la colonia Praderas de San Juan de este municipio. El Secretario General del sector popular en Ju\u00e1rez, Paco Trevi\u00f1o, llev\u00f3 a los vecinos que llenaron el lugar, los servicios de consulta m\u00e9dica, [&hellip;]<\/p>\n","protected":false},"author":9,"featured_media":13531,"comment_status":"open","ping_status":"closed","sticky":false,"template":"","format":"standard","meta":{"footnotes":""},"categories":[18],"tags":[2368,592,1684],"class_list":["post-13528","post","type-post","status-publish","format-standard","has-post-thumbnail","hentry","category-locales-juarez","tag-brigadas-cnop-juarez","tag-cnop-juarez","tag-paco-trevino"],"_links":{"self":[{"href":"https:\/\/laultimapalabra.com.mx\/portal\/wp-json\/wp\/v2\/posts\/13528","targetHints":{"allow":["GET"]}}],"collection":[{"href":"https:\/\/laultimapalabra.com.mx\/portal\/wp-json\/wp\/v2\/posts"}],"about":[{"href":"https:\/\/laultimapalabra.com.mx\/portal\/wp-json\/wp\/v2\/types\/post"}],"author":[{"embeddable":true,"href":"https:\/\/laultimapalabra.com.mx\/portal\/wp-json\/wp\/v2\/users\/9"}],"replies":[{"embeddable":true,"href":"https:\/\/laultimapalabra.com.mx\/portal\/wp-json\/wp\/v2\/comments?post=13528"}],"version-history":[{"count":1,"href":"https:\/\/laultimapalabra.com.mx\/portal\/wp-json\/wp\/v2\/posts\/13528\/revisions"}],"predecessor-version":[{"id":70045,"href":"https:\/\/laultimapalabra.com.mx\/portal\/wp-json\/wp\/v2\/posts\/13528\/revisions\/70045"}],"wp:featuredmedia":[{"embeddable":true,"href":"https:\/\/laultimapalabra.com.mx\/portal\/wp-json\/"}],"wp:attachment":[{"href":"https:\/\/laultimapalabra.com.mx\/portal\/wp-json\/wp\/v2\/media?parent=13528"}],"wp:term":[{"taxonomy":"category","embeddable":true,"href":"https:\/\/laultimapalabra.com.mx\/portal\/wp-json\/wp\/v2\/categories?post=13528"},{"taxonomy":"post_tag","embeddable":true,"href":"https:\/\/laultimapalabra.com.mx\/portal\/wp-json\/wp\/v2\/tags?post=13528"}],"curies":[{"name":"wp","href":"https:\/\/api.w.org\/{rel}","templated":true}]}}