                       {"id":13533,"date":"2020-03-02T13:40:55","date_gmt":"2020-03-02T19:40:55","guid":{"rendered":"http:\/\/laultimapalabra.info\/?p=13533"},"modified":"2024-12-11T10:01:00","modified_gmt":"2024-12-11T16:01:00","slug":"arranca-censo-2020-en-juarez","status":"publish","type":"post","link":"https:\/\/laultimapalabra.com.mx\/portal\/arranca-censo-2020-en-juarez\/","title":{"rendered":"Arranca CENSO 2020 en Ju\u00e1rez"},"content":{"rendered":"<p style=\"text-align: justify;\"><img loading=\"lazy\" decoding=\"async\" class=\"size-medium wp-image-13562 alignleft\" src=\"https:\/\/laultimapalabra.com.mx\/portal\/wp-content\/uploads\/2020\/03\/WhatsApp-Image-2020-03-02-at-2.22.00-PM-300x169.jpeg\" alt=\"\" width=\"300\" height=\"169\" \/>Ju\u00e1rez, N. L.- Tal como\u00a0 en el resto del pa\u00eds y durante todo este mes, en Ju\u00e1rez arranc\u00f3 tambi\u00e9n el Censo de Poblaci\u00f3n 2020, donde el alcalde Heriberto Trevi\u00f1o Cant\u00fa, pidi\u00f3 la colaboraci\u00f3n de la ciudadan\u00eda juarense para responder a este cuestionario, el 02cual dar\u00e1 una pauta para poder acceder a un mayor presupuesto por parte de la federaci\u00f3n basado en el n\u00famero real de habitantes que tiene Ju\u00e1rez y sus necesidades, ya que con el ultimo que se cuenta data desde hace diez a\u00f1os<br \/>\nAsimismo, se solicit\u00f3 la confianza de la poblaci\u00f3n a los encuestadores que iran plenamente identificados a los domicilio de cada uno de los juarenses.<\/p>\n","protected":false},"excerpt":{"rendered":"<p>Ju\u00e1rez, N. L.- Tal como\u00a0 en el resto del pa\u00eds y durante todo este mes, en Ju\u00e1rez arranc\u00f3 tambi\u00e9n el Censo de Poblaci\u00f3n 2020, donde el alcalde Heriberto Trevi\u00f1o Cant\u00fa, pidi\u00f3 la colaboraci\u00f3n de la ciudadan\u00eda juarense para responder a este cuestionario, el 02cual dar\u00e1 una pauta para poder acceder a un mayor presupuesto por [&hellip;]<\/p>\n","protected":false},"author":9,"featured_media":13562,"comment_status":"open","ping_status":"closed","sticky":false,"template":"","format":"standard","meta":{"footnotes":""},"categories":[18],"tags":[522,1188],"class_list":["post-13533","post","type-post","status-publish","format-standard","has-post-thumbnail","hentry","category-locales-juarez","tag-censo-2020","tag-heriberto-trevino-cantu"],"_links":{"self":[{"href":"https:\/\/laultimapalabra.com.mx\/portal\/wp-json\/wp\/v2\/posts\/13533","targetHints":{"allow":["GET"]}}],"collection":[{"href":"https:\/\/laultimapalabra.com.mx\/portal\/wp-json\/wp\/v2\/posts"}],"about":[{"href":"https:\/\/laultimapalabra.com.mx\/portal\/wp-json\/wp\/v2\/types\/post"}],"author":[{"embeddable":true,"href":"https:\/\/laultimapalabra.com.mx\/portal\/wp-json\/wp\/v2\/users\/9"}],"replies":[{"embeddable":true,"href":"https:\/\/laultimapalabra.com.mx\/portal\/wp-json\/wp\/v2\/comments?post=13533"}],"version-history":[{"count":1,"href":"https:\/\/laultimapalabra.com.mx\/portal\/wp-json\/wp\/v2\/posts\/13533\/revisions"}],"predecessor-version":[{"id":70047,"href":"https:\/\/laultimapalabra.com.mx\/portal\/wp-json\/wp\/v2\/posts\/13533\/revisions\/70047"}],"wp:featuredmedia":[{"embeddable":true,"href":"https:\/\/laultimapalabra.com.mx\/portal\/wp-json\/"}],"wp:attachment":[{"href":"https:\/\/laultimapalabra.com.mx\/portal\/wp-json\/wp\/v2\/media?parent=13533"}],"wp:term":[{"taxonomy":"category","embeddable":true,"href":"https:\/\/laultimapalabra.com.mx\/portal\/wp-json\/wp\/v2\/categories?post=13533"},{"taxonomy":"post_tag","embeddable":true,"href":"https:\/\/laultimapalabra.com.mx\/portal\/wp-json\/wp\/v2\/tags?post=13533"}],"curies":[{"name":"wp","href":"https:\/\/api.w.org\/{rel}","templated":true}]}}