                       {"id":13556,"date":"2020-03-03T15:24:58","date_gmt":"2020-03-03T21:24:58","guid":{"rendered":"http:\/\/laultimapalabra.info\/?p=13556"},"modified":"2024-12-11T10:01:00","modified_gmt":"2024-12-11T16:01:00","slug":"se-prepara-gobierno-de-juarez-para-enfrentar-coronavirus","status":"publish","type":"post","link":"https:\/\/laultimapalabra.com.mx\/portal\/se-prepara-gobierno-de-juarez-para-enfrentar-coronavirus\/","title":{"rendered":"Se prepara Gobierno de Ju\u00e1rez para enfrentar Coronavirus"},"content":{"rendered":"<p style=\"text-align: justify;\">\u00a0<img loading=\"lazy\" decoding=\"async\" class=\"size-medium wp-image-13559 alignright\" src=\"https:\/\/laultimapalabra.com.mx\/portal\/wp-content\/uploads\/2020\/03\/WhatsApp-Image-2020-03-03-at-10.05.38-AM-300x225.jpeg\" alt=\"\" width=\"300\" height=\"225\" \/>Ju\u00e1rez, N. L.- El lunes en punto de las dos de la tarde, se realiz\u00f3 una reuni\u00f3n emergente de salud, en un complejo deportivo del mismo municipio para tratar el tema de Covid 19, tambi\u00e9n llamado Coronavirus.<br \/>\nLa reuni\u00f3n convocada por el Secretario de Salud de este municipio, doctor Teodoro Elizonfo Cant\u00fa, cont\u00f3 con la presencia de funcionarios estatales y todos los secretarios y directores de la actual administraci\u00f3n municipal.<br \/>\n<img loading=\"lazy\" decoding=\"async\" class=\"size-medium wp-image-13558 alignleft\" src=\"https:\/\/laultimapalabra.com.mx\/portal\/wp-content\/uploads\/2020\/03\/WhatsApp-Image-2020-03-03-at-10.05.38-AM-1-300x225.jpeg\" alt=\"\" width=\"300\" height=\"225\" \/>Durante la reuni\u00f3n, se expusieron los temas preventivos en caso de un brote de esa enfermedad importada que est\u00e1 presente causando alarma en muchos pa\u00edses del mundo.<br \/>\nSe dieron las recomendaciones de qu\u00e9 hacer en un contagio, como actuar y el cuadro sintom\u00e1tico de la enfermedad, para que cada funcionario lo replique en sus dependencias con el fin de estar preparados para cualquier contingencia.<\/p>\n","protected":false},"excerpt":{"rendered":"<p>\u00a0Ju\u00e1rez, N. L.- El lunes en punto de las dos de la tarde, se realiz\u00f3 una reuni\u00f3n emergente de salud, en un complejo deportivo del mismo municipio para tratar el tema de Covid 19, tambi\u00e9n llamado Coronavirus. La reuni\u00f3n convocada por el Secretario de Salud de este municipio, doctor Teodoro Elizonfo Cant\u00fa, cont\u00f3 con la [&hellip;]<\/p>\n","protected":false},"author":9,"featured_media":13557,"comment_status":"open","ping_status":"closed","sticky":false,"template":"","format":"standard","meta":{"footnotes":""},"categories":[18],"tags":[714,2373],"class_list":["post-13556","post","type-post","status-publish","format-standard","has-post-thumbnail","hentry","category-locales-juarez","tag-coronavirus","tag-secretaria-de-salud-municipal-juarez"],"_links":{"self":[{"href":"https:\/\/laultimapalabra.com.mx\/portal\/wp-json\/wp\/v2\/posts\/13556","targetHints":{"allow":["GET"]}}],"collection":[{"href":"https:\/\/laultimapalabra.com.mx\/portal\/wp-json\/wp\/v2\/posts"}],"about":[{"href":"https:\/\/laultimapalabra.com.mx\/portal\/wp-json\/wp\/v2\/types\/post"}],"author":[{"embeddable":true,"href":"https:\/\/laultimapalabra.com.mx\/portal\/wp-json\/wp\/v2\/users\/9"}],"replies":[{"embeddable":true,"href":"https:\/\/laultimapalabra.com.mx\/portal\/wp-json\/wp\/v2\/comments?post=13556"}],"version-history":[{"count":1,"href":"https:\/\/laultimapalabra.com.mx\/portal\/wp-json\/wp\/v2\/posts\/13556\/revisions"}],"predecessor-version":[{"id":70057,"href":"https:\/\/laultimapalabra.com.mx\/portal\/wp-json\/wp\/v2\/posts\/13556\/revisions\/70057"}],"wp:featuredmedia":[{"embeddable":true,"href":"https:\/\/laultimapalabra.com.mx\/portal\/wp-json\/"}],"wp:attachment":[{"href":"https:\/\/laultimapalabra.com.mx\/portal\/wp-json\/wp\/v2\/media?parent=13556"}],"wp:term":[{"taxonomy":"category","embeddable":true,"href":"https:\/\/laultimapalabra.com.mx\/portal\/wp-json\/wp\/v2\/categories?post=13556"},{"taxonomy":"post_tag","embeddable":true,"href":"https:\/\/laultimapalabra.com.mx\/portal\/wp-json\/wp\/v2\/tags?post=13556"}],"curies":[{"name":"wp","href":"https:\/\/api.w.org\/{rel}","templated":true}]}}