                       {"id":13580,"date":"2020-03-04T01:17:36","date_gmt":"2020-03-04T07:17:36","guid":{"rendered":"http:\/\/laultimapalabra.info\/?p=13580"},"modified":"2024-12-11T10:01:00","modified_gmt":"2024-12-11T16:01:00","slug":"ejecutan-a-un-hombre-a-bordo-de-camioneta-en-cadereyta","status":"publish","type":"post","link":"https:\/\/laultimapalabra.com.mx\/portal\/ejecutan-a-un-hombre-a-bordo-de-camioneta-en-cadereyta\/","title":{"rendered":"Ejecutan a un hombre a bordo de camioneta en Cadereyta"},"content":{"rendered":"<p>&nbsp;<\/p>\n<div class=\"l-page has-one-sidebar has-sidebar-second\">\n<div class=\"l-main-wrapper\">\n<div class=\"l-highlighted-wrapper\">\n<div class=\"l-region l-region--highlighted\">\n<div id=\"block-dfp-leaderboard\" class=\"block block--dfp block--dfp-leaderboard\">\n<div class=\"block__content\">\n<div id=\"dfp-ad-leaderboard-wrapper\" class=\"dfp-tag-wrapper\">\n<div id=\"dfp-ad-leaderboard\" class=\"dfp-tag-wrapper\" data-google-query-id=\"CMm_quyQgOgCFZUbAQodGj8Fwg\">\n<div id=\"google_ads_iframe_\/7246\/MMTelediarioMty\/en-alerta\/Articulo\/Leaderboard_top_0__container__\"><iframe id=\"google_ads_iframe_\/7246\/MMTelediarioMty\/en-alerta\/Articulo\/Leaderboard_top_0\" title=\"3rd party ad content\" name=\"google_ads_iframe_\/7246\/MMTelediarioMty\/en-alerta\/Articulo\/Leaderboard_top_0\" width=\"300\" height=\"50\" frameborder=\"0\" marginwidth=\"0\" marginheight=\"0\" scrolling=\"no\" data-google-container-id=\"4\" data-load-complete=\"true\" data-mce-fragment=\"1\"><\/iframe><img loading=\"lazy\" decoding=\"async\" class=\"size-medium wp-image-13584 alignleft\" src=\"https:\/\/laultimapalabra.com.mx\/portal\/wp-content\/uploads\/2020\/03\/Screenshot_20200303_235641-300x159.jpg\" alt=\"\" width=\"300\" height=\"159\" \/><span style=\"font-size: 1rem;\">CADEREYTA.- Un hombre fue ejecutado cuando conduc\u00eda a bordo de su camioneta en el ejido Trancas, del municipio de Cadereyta.<\/span><\/div>\n<\/div>\n<\/div>\n<\/div>\n<\/div>\n<\/div>\n<\/div>\n<div class=\"l-main l-main-content l-constrained\">\n<div class=\"l-content\" role=\"main\">\n<div class=\"ds-1col node node--article page-taxonomy-term-1953 noticia article-body view-mode-noticia node--noticia node--article--noticia clearfix\">\n<div class=\"paragraphs-items paragraphs-items-field-paragraphs paragraphs-items-field-paragraphs-noticia paragraphs-items-noticia\">\n<div class=\"field--paragraphs\">\n<div class=\"ds-1col entity entity-paragraphs-item paragraphs-item-text-paragraph view-mode-noticia clearfix\">\n<div class=\"field--text-paragraph\">\n<p>El ataque ocurri\u00f3 sobre la Carretera Palmitos &#8211; San Juan, a la altura del mencionado ejido, cuando un hombre de entre 50 y 55 a\u00f1os fue sorprendido por hombres armados quienes lo agredieron con disparos.<\/p>\n<p>Elementos de la polic\u00eda de Cadereyta as\u00ed como de Fuerza Civil llegaron hasta el lugar y encontraron al hombre a unos metros de una camioneta Ford Lobo en color blanca con placas del estado de Texas. Por desgracia el hombre ya hab\u00eda fallecido.<\/p>\n<\/div>\n<\/div>\n<\/div>\n<div class=\"field--paragraphs\">\n<div class=\"ds-1col entity entity-paragraphs-item paragraphs-item-text-paragraph view-mode-noticia clearfix\">\n<div class=\"field--text-paragraph\">\n<p>La v\u00edctima, de tez blanca, bigote y cabello corto; vest\u00eda una camisa azul con blanco a cuadros, cinto vaquero, pantal\u00f3n de mezclilla azul, as\u00ed como botas cafe. Al hombre se le apreciaban heridas de arma de fuego en la cabeza.<\/p>\n<p>Trascendi\u00f3 que la v\u00edctima responde al nombre de Guadalupe Leal, con domicilio en el ejido San Diego.<\/p>\n<p>El incidente ocurri\u00f3 cerca de las 6:00 de la tarde, aunque trascendi\u00f3 despu\u00e9s de una hora. Elementos del Instituto de Criminal\u00edstica y Servicios Periciales, as\u00ed como del Servicio M\u00e9dico Forense llegaron para trasladar el cuerpo al anfiteatro del Hospital Universitario.<\/p>\n<p>Fuente: Telediario<\/p>\n<\/div>\n<\/div>\n<\/div>\n<\/div>\n<\/div>\n<\/div>\n<\/div>\n<\/div>\n<\/div>\n","protected":false},"excerpt":{"rendered":"<p>&nbsp; CADEREYTA.- Un hombre fue ejecutado cuando conduc\u00eda a bordo de su camioneta en el ejido Trancas, del municipio de Cadereyta. El ataque ocurri\u00f3 sobre la Carretera Palmitos &#8211; San Juan, a la altura del mencionado ejido, cuando un hombre de entre 50 y 55 a\u00f1os fue sorprendido por hombres armados quienes lo agredieron con [&hellip;]<\/p>\n","protected":false},"author":9,"featured_media":13584,"comment_status":"open","ping_status":"closed","sticky":false,"template":"","format":"standard","meta":{"footnotes":""},"categories":[8,9],"tags":[913],"class_list":["post-13580","post","type-post","status-publish","format-standard","has-post-thumbnail","hentry","category-seguridad","category-seguridad-cadereyta","tag-ejecuciones-cadereyta"],"_links":{"self":[{"href":"https:\/\/laultimapalabra.com.mx\/portal\/wp-json\/wp\/v2\/posts\/13580","targetHints":{"allow":["GET"]}}],"collection":[{"href":"https:\/\/laultimapalabra.com.mx\/portal\/wp-json\/wp\/v2\/posts"}],"about":[{"href":"https:\/\/laultimapalabra.com.mx\/portal\/wp-json\/wp\/v2\/types\/post"}],"author":[{"embeddable":true,"href":"https:\/\/laultimapalabra.com.mx\/portal\/wp-json\/wp\/v2\/users\/9"}],"replies":[{"embeddable":true,"href":"https:\/\/laultimapalabra.com.mx\/portal\/wp-json\/wp\/v2\/comments?post=13580"}],"version-history":[{"count":1,"href":"https:\/\/laultimapalabra.com.mx\/portal\/wp-json\/wp\/v2\/posts\/13580\/revisions"}],"predecessor-version":[{"id":70067,"href":"https:\/\/laultimapalabra.com.mx\/portal\/wp-json\/wp\/v2\/posts\/13580\/revisions\/70067"}],"wp:featuredmedia":[{"embeddable":true,"href":"https:\/\/laultimapalabra.com.mx\/portal\/wp-json\/"}],"wp:attachment":[{"href":"https:\/\/laultimapalabra.com.mx\/portal\/wp-json\/wp\/v2\/media?parent=13580"}],"wp:term":[{"taxonomy":"category","embeddable":true,"href":"https:\/\/laultimapalabra.com.mx\/portal\/wp-json\/wp\/v2\/categories?post=13580"},{"taxonomy":"post_tag","embeddable":true,"href":"https:\/\/laultimapalabra.com.mx\/portal\/wp-json\/wp\/v2\/tags?post=13580"}],"curies":[{"name":"wp","href":"https:\/\/api.w.org\/{rel}","templated":true}]}}