                       {"id":13594,"date":"2020-03-04T14:42:34","date_gmt":"2020-03-04T20:42:34","guid":{"rendered":"http:\/\/laultimapalabra.info\/?p=13594"},"modified":"2024-12-11T10:01:01","modified_gmt":"2024-12-11T16:01:01","slug":"sufre-la-justo-sierra-casi-un-robo-por-mes","status":"publish","type":"post","link":"https:\/\/laultimapalabra.com.mx\/portal\/sufre-la-justo-sierra-casi-un-robo-por-mes\/","title":{"rendered":"Sufre la Justo Sierra casi un robo por mes"},"content":{"rendered":"<p style=\"text-align: justify;\"><img loading=\"lazy\" decoding=\"async\" class=\"size-medium wp-image-13596 alignright\" src=\"https:\/\/laultimapalabra.com.mx\/portal\/wp-content\/uploads\/2020\/03\/robo-justo-sierra-4-300x169.jpeg\" alt=\"\" width=\"300\" height=\"169\" \/>Cadereyta Jim\u00e9nez,\u00a0 N. L.- A un par de d\u00edas de que el Secretario de Seguridad P\u00fablica Municipal, el comandante Roberto Jacinto Mart\u00ednez Peinado diera ordenes de quitar la guardia permanente en las inmediaciones de la Escuela Primaria Justo Sierra y la Secundaria Emilio Rodr\u00edguez Cortes, el d\u00eda de ayer dicha primaria fue visitada por los amantes de lo ajeno.<br \/>\nLa direcci\u00f3n de la Escuela Primaria fue saqueada por los delincuentes quienes lograron llevarse computadoras, proyectores, bocinas y material did\u00e1ctico de la misma escuela, con un monto arriba de los 50 mil pesos, seg\u00fan lo inform\u00f3 Alejandro Mart\u00ednez Galv\u00e1n, director del plantel educativo, quien tambi\u00e9n mencion\u00f3 haber acudido a la Presidencia Municipal de Cadereyta para cuestionar que se haya retirado la vigilancia, a lo que le informaron que desconoc\u00edan el hecho.<br \/>\nCabe se\u00f1alar que en lo que va del presente ciclo escolar, este plantel educativo ha sido saqueado cinco veces, casi una vez por mes, terrible la situaci\u00f3n de inseguridad por la que se atraviesa.<\/p>\n","protected":false},"excerpt":{"rendered":"<p>Cadereyta Jim\u00e9nez,\u00a0 N. L.- A un par de d\u00edas de que el Secretario de Seguridad P\u00fablica Municipal, el comandante Roberto Jacinto Mart\u00ednez Peinado diera ordenes de quitar la guardia permanente en las inmediaciones de la Escuela Primaria Justo Sierra y la Secundaria Emilio Rodr\u00edguez Cortes, el d\u00eda de ayer dicha primaria fue visitada por los [&hellip;]<\/p>\n","protected":false},"author":9,"featured_media":13595,"comment_status":"open","ping_status":"closed","sticky":false,"template":"","format":"standard","meta":{"footnotes":""},"categories":[17,8,9],"tags":[2379,2015,2039],"class_list":["post-13594","post","type-post","status-publish","format-standard","has-post-thumbnail","hentry","category-locales-cadereyta","category-seguridad","category-seguridad-cadereyta","tag-jacinto","tag-roberto-jacinto-martinez-peinado","tag-robos-cadereyta"],"_links":{"self":[{"href":"https:\/\/laultimapalabra.com.mx\/portal\/wp-json\/wp\/v2\/posts\/13594","targetHints":{"allow":["GET"]}}],"collection":[{"href":"https:\/\/laultimapalabra.com.mx\/portal\/wp-json\/wp\/v2\/posts"}],"about":[{"href":"https:\/\/laultimapalabra.com.mx\/portal\/wp-json\/wp\/v2\/types\/post"}],"author":[{"embeddable":true,"href":"https:\/\/laultimapalabra.com.mx\/portal\/wp-json\/wp\/v2\/users\/9"}],"replies":[{"embeddable":true,"href":"https:\/\/laultimapalabra.com.mx\/portal\/wp-json\/wp\/v2\/comments?post=13594"}],"version-history":[{"count":1,"href":"https:\/\/laultimapalabra.com.mx\/portal\/wp-json\/wp\/v2\/posts\/13594\/revisions"}],"predecessor-version":[{"id":70071,"href":"https:\/\/laultimapalabra.com.mx\/portal\/wp-json\/wp\/v2\/posts\/13594\/revisions\/70071"}],"wp:featuredmedia":[{"embeddable":true,"href":"https:\/\/laultimapalabra.com.mx\/portal\/wp-json\/"}],"wp:attachment":[{"href":"https:\/\/laultimapalabra.com.mx\/portal\/wp-json\/wp\/v2\/media?parent=13594"}],"wp:term":[{"taxonomy":"category","embeddable":true,"href":"https:\/\/laultimapalabra.com.mx\/portal\/wp-json\/wp\/v2\/categories?post=13594"},{"taxonomy":"post_tag","embeddable":true,"href":"https:\/\/laultimapalabra.com.mx\/portal\/wp-json\/wp\/v2\/tags?post=13594"}],"curies":[{"name":"wp","href":"https:\/\/api.w.org\/{rel}","templated":true}]}}