                       {"id":13602,"date":"2020-03-04T15:23:55","date_gmt":"2020-03-04T21:23:55","guid":{"rendered":"http:\/\/laultimapalabra.info\/?p=13602"},"modified":"2024-12-11T10:01:01","modified_gmt":"2024-12-11T16:01:01","slug":"visita-presidenta-dif-juarez-a-abuelito-centenario","status":"publish","type":"post","link":"https:\/\/laultimapalabra.com.mx\/portal\/visita-presidenta-dif-juarez-a-abuelito-centenario\/","title":{"rendered":"Visita Presidenta DIF Ju\u00e1rez a abuelito centenario"},"content":{"rendered":"<p style=\"text-align: justify;\"><img loading=\"lazy\" decoding=\"async\" class=\"size-medium wp-image-13603 alignleft\" src=\"https:\/\/laultimapalabra.com.mx\/portal\/wp-content\/uploads\/2020\/03\/visita-dif-juarez-a-centenario-1-300x225.jpeg\" alt=\"\" width=\"300\" height=\"225\" \/>Ju\u00e1rez, N. L.- atendiendo a un sector vulnerable de la poblaci\u00f3n, el pasado lunes 02 de Marzo, la Presidenta del Sistema DIF Ju\u00e1rez, Leticia Gonz\u00e1lez de Trevi\u00f1o Cant\u00fa, visit\u00f3 al se\u00f1or Juan de Dios Benavides, quien cumpli\u00f3 100 a\u00f1os de edad, esto como un homenaje a todos los abuelitos centenarios del municipio de Ju\u00e1rez, siendo la visita realizada en la Ciudadela<\/p>\n","protected":false},"excerpt":{"rendered":"<p>Ju\u00e1rez, N. L.- atendiendo a un sector vulnerable de la poblaci\u00f3n, el pasado lunes 02 de Marzo, la Presidenta del Sistema DIF Ju\u00e1rez, Leticia Gonz\u00e1lez de Trevi\u00f1o Cant\u00fa, visit\u00f3 al se\u00f1or Juan de Dios Benavides, quien cumpli\u00f3 100 a\u00f1os de edad, esto como un homenaje a todos los abuelitos centenarios del municipio de Ju\u00e1rez, siendo [&hellip;]<\/p>\n","protected":false},"author":9,"featured_media":13604,"comment_status":"open","ping_status":"closed","sticky":false,"template":"","format":"standard","meta":{"footnotes":""},"categories":[18],"tags":[100,851],"class_list":["post-13602","post","type-post","status-publish","format-standard","has-post-thumbnail","hentry","category-locales-juarez","tag-alma-leticia-gonzalez-de-trevino","tag-dif-juarez"],"_links":{"self":[{"href":"https:\/\/laultimapalabra.com.mx\/portal\/wp-json\/wp\/v2\/posts\/13602","targetHints":{"allow":["GET"]}}],"collection":[{"href":"https:\/\/laultimapalabra.com.mx\/portal\/wp-json\/wp\/v2\/posts"}],"about":[{"href":"https:\/\/laultimapalabra.com.mx\/portal\/wp-json\/wp\/v2\/types\/post"}],"author":[{"embeddable":true,"href":"https:\/\/laultimapalabra.com.mx\/portal\/wp-json\/wp\/v2\/users\/9"}],"replies":[{"embeddable":true,"href":"https:\/\/laultimapalabra.com.mx\/portal\/wp-json\/wp\/v2\/comments?post=13602"}],"version-history":[{"count":1,"href":"https:\/\/laultimapalabra.com.mx\/portal\/wp-json\/wp\/v2\/posts\/13602\/revisions"}],"predecessor-version":[{"id":70075,"href":"https:\/\/laultimapalabra.com.mx\/portal\/wp-json\/wp\/v2\/posts\/13602\/revisions\/70075"}],"wp:featuredmedia":[{"embeddable":true,"href":"https:\/\/laultimapalabra.com.mx\/portal\/wp-json\/"}],"wp:attachment":[{"href":"https:\/\/laultimapalabra.com.mx\/portal\/wp-json\/wp\/v2\/media?parent=13602"}],"wp:term":[{"taxonomy":"category","embeddable":true,"href":"https:\/\/laultimapalabra.com.mx\/portal\/wp-json\/wp\/v2\/categories?post=13602"},{"taxonomy":"post_tag","embeddable":true,"href":"https:\/\/laultimapalabra.com.mx\/portal\/wp-json\/wp\/v2\/tags?post=13602"}],"curies":[{"name":"wp","href":"https:\/\/api.w.org\/{rel}","templated":true}]}}