                       {"id":13620,"date":"2020-03-05T16:36:45","date_gmt":"2020-03-05T22:36:45","guid":{"rendered":"http:\/\/laultimapalabra.info\/?p=13620"},"modified":"2024-12-11T10:01:01","modified_gmt":"2024-12-11T16:01:01","slug":"plantando-arboles-y-cultivando-conciencias","status":"publish","type":"post","link":"https:\/\/laultimapalabra.com.mx\/portal\/plantando-arboles-y-cultivando-conciencias\/","title":{"rendered":"Plantando \u00e1rboles\u2026 Y cultivando conciencias"},"content":{"rendered":"<p style=\"text-align: justify;\">Un d\u00eda plantando \u00e1rboles y el otro cultivando conciencias.<\/p>\n<p style=\"text-align: justify;\"><img loading=\"lazy\" decoding=\"async\" class=\"size-medium wp-image-13621 alignleft\" src=\"https:\/\/laultimapalabra.com.mx\/portal\/wp-content\/uploads\/2020\/03\/paola-gzz-arborizacion-3-225x300.jpeg\" alt=\"\" width=\"225\" height=\"300\" \/>CADEREYTA JIM\u00c9NEZ, N.L.-<br \/>\nLa diputada Federal Paola Gonz\u00e1lez, esta semana en nuestra entidad tuvo dos eventos sociales muy importantes.<br \/>\nEl domingo 1 de marzo en punto de las 10:00 am se dieron cita en la segunda jornada de reforestaci\u00f3n de la autopista Monterrey &#8211; Cadereyta Jim\u00e9nez, tocando turno la zona de descanso previa a la caseta de Guadalupe.<br \/>\nTanto la Diputada Tatiana Clouthier como Paola Gonz\u00e1lez, as\u00ed como el Diputado Local Luis Armando Torres, han encabezado los trabajos de este gran proyecto que involucra de gran medida la participaci\u00f3n de la ciudadan\u00eda as\u00ed como de instancias gubernamentales como son la Secretar\u00eda de Desarrollo Sustentable del Estado de NL, la Red Estatal de Autopistas, la Refiner\u00eda de Pemex y los gobiernos municipales sin importar afinidades partidistas; ya que la premisa esencial es cuidar de la casa com\u00fan y ello conlleva un trabajo en conjunto.<br \/>\nAs\u00ed como en la primera jornada, en donde el municipio de Cadereyta Jim\u00e9nez apoy\u00f3 en gran medida, en esta ocasi\u00f3n le toc\u00f3 el turno al municipio de Guadalupe encabezado por su alcaldesa Cristina D\u00edaz.<br \/>\nSe plantaron aproximadamente 70 \u00e1rboles y arbustos y se convoc\u00f3 a la tercera jornada que ser\u00e1 el pr\u00f3ximo 22 de marzo del presente a\u00f1o. En momentos en donde las contingencias ambientales presentan focos rojos, acciones as\u00ed son de gran impacto.<br \/>\nLas Diputadas Paola y Tatiana, el lunes por la ma\u00f1ana tuvieron un encuentro con j\u00f3venes de la facultad de Derecho y Criminolog\u00eda de la UANL.<br \/>\nEl tema a tratar fue la prevenci\u00f3n del delito para erradicar la violencia de g\u00e9nero y los lamentables hechos de muerte donde son v\u00edctimas las mujeres. Justamente ese d\u00eda, un medio de comunicaci\u00f3n presentaba cifras en donde Nuevo Le\u00f3n se encuentra en primer lugar nacional en feminicidios, durante lo que llevamos del 2020.<br \/>\nTatiana abord\u00f3 aspectos desde una perspectiva social sobre la violencia de g\u00e9nero, mientras Paola afront\u00f3 el tema de lleno desde su concepci\u00f3n legal, despertando el inter\u00e9s profesional de los presentes.<br \/>\nFue una conferencia que motiv\u00f3 a futuras y futuros abogados y crimin\u00f3logos el auditorio principal del edificio del posgrado.<\/p>\n","protected":false},"excerpt":{"rendered":"<p>Un d\u00eda plantando \u00e1rboles y el otro cultivando conciencias. CADEREYTA JIM\u00c9NEZ, N.L.- La diputada Federal Paola Gonz\u00e1lez, esta semana en nuestra entidad tuvo dos eventos sociales muy importantes. El domingo 1 de marzo en punto de las 10:00 am se dieron cita en la segunda jornada de reforestaci\u00f3n de la autopista Monterrey &#8211; Cadereyta Jim\u00e9nez, [&hellip;]<\/p>\n","protected":false},"author":9,"featured_media":13621,"comment_status":"open","ping_status":"closed","sticky":false,"template":"","format":"standard","meta":{"footnotes":""},"categories":[17],"tags":[2382,1700,2184],"class_list":["post-13620","post","type-post","status-publish","format-standard","has-post-thumbnail","hentry","category-locales-cadereyta","tag-morena-cader","tag-paola-gonzalez-castaneda","tag-tatiana-clouthier"],"_links":{"self":[{"href":"https:\/\/laultimapalabra.com.mx\/portal\/wp-json\/wp\/v2\/posts\/13620","targetHints":{"allow":["GET"]}}],"collection":[{"href":"https:\/\/laultimapalabra.com.mx\/portal\/wp-json\/wp\/v2\/posts"}],"about":[{"href":"https:\/\/laultimapalabra.com.mx\/portal\/wp-json\/wp\/v2\/types\/post"}],"author":[{"embeddable":true,"href":"https:\/\/laultimapalabra.com.mx\/portal\/wp-json\/wp\/v2\/users\/9"}],"replies":[{"embeddable":true,"href":"https:\/\/laultimapalabra.com.mx\/portal\/wp-json\/wp\/v2\/comments?post=13620"}],"version-history":[{"count":1,"href":"https:\/\/laultimapalabra.com.mx\/portal\/wp-json\/wp\/v2\/posts\/13620\/revisions"}],"predecessor-version":[{"id":70083,"href":"https:\/\/laultimapalabra.com.mx\/portal\/wp-json\/wp\/v2\/posts\/13620\/revisions\/70083"}],"wp:featuredmedia":[{"embeddable":true,"href":"https:\/\/laultimapalabra.com.mx\/portal\/wp-json\/"}],"wp:attachment":[{"href":"https:\/\/laultimapalabra.com.mx\/portal\/wp-json\/wp\/v2\/media?parent=13620"}],"wp:term":[{"taxonomy":"category","embeddable":true,"href":"https:\/\/laultimapalabra.com.mx\/portal\/wp-json\/wp\/v2\/categories?post=13620"},{"taxonomy":"post_tag","embeddable":true,"href":"https:\/\/laultimapalabra.com.mx\/portal\/wp-json\/wp\/v2\/tags?post=13620"}],"curies":[{"name":"wp","href":"https:\/\/api.w.org\/{rel}","templated":true}]}}