                       {"id":13645,"date":"2020-03-05T22:22:56","date_gmt":"2020-03-06T04:22:56","guid":{"rendered":"http:\/\/laultimapalabra.info\/?p=13645"},"modified":"2024-12-11T10:01:01","modified_gmt":"2024-12-11T16:01:01","slug":"el-quemador-103","status":"publish","type":"post","link":"https:\/\/laultimapalabra.com.mx\/portal\/el-quemador-103\/","title":{"rendered":"El Quemador"},"content":{"rendered":"<p><img loading=\"lazy\" decoding=\"async\" class=\"size-medium wp-image-159 alignleft\" src=\"https:\/\/laultimapalabra.com.mx\/portal\/wp-content\/uploads\/2018\/02\/Banner-Caliente-copia-300x171.jpg\" alt=\"\" width=\"300\" height=\"171\" \/>Por: El Repre<\/p>\n<p>FIESTAS DEL PETR\u00d3LEO<br \/>\nIniciamos esta columneja muy pero muy contentos pues ya estamos a nada de que den inicio las \u201cFiestas del Petr\u00f3leo 2020\u2026y es que el pr\u00f3ximo viernes 11 de marzo arrancaran las festividades en el Serapio Venegas con tremendo pachang\u00f3n que Rafael Faly Ortu\u00f1o ofrecer\u00e1 a todos sus agremiados en ocasi\u00f3n de celebrar el 31 Aniversario de la fundaci\u00f3n de la Secci\u00f3n 49\u2026dicen que Faly echara la casa por la ventana, as\u00ed que est\u00e9n pendientes compitas!!<br \/>\n12 Y 13<br \/>\nEl jueves 12 se llevara a cabo el desfile de carros aleg\u00f3ricos y el viernes 13 la gran final del certamen para elegir a \u201cNuestra Belleza Petrolera\u201d\u2026por cierto ser\u00e1n 8 chicas las que trataran de llevarse la corona\u2026 \u00bfa qui\u00e9n le van compitas? Elijan, no se hagan, no le saquen!!<br \/>\nLA PONY<br \/>\nY del Hospital General Cadereyta nos dicen que la que sigue friegue y friegue es la mentada Doctora, que quien sabe si lo ser\u00e1 de Diana la Pony Castro, es de Le\u00f3n pero no rimaba\u2026pues esta Doctorcita de apenas metro y medio como no tiene nada que hacer se la pasa jeringando, jodiendo pues al personal que tiene a su cargo y hasta al que no\u2026la Doctorcita (literal) se ha excedido en sus tratos que ya la andan reportando por hostigamiento laboral\u2026s\u00edganle!!<br \/>\nCRE\u00cdDA<br \/>\nPues si estar\u00eda muy bien que alguien le pusiera un estate quieto a la Pony canina para que le baje de humos a su mal trato, a su altaner\u00eda y sobre todo a eso de creerse la jefa absoluta de todo el Hospital\u2026por el bien de todos, ojala que la Doctorcita (otra vez literal) se aplique en su trabajo y deje de estar chi\u2026ndo a los compitas y comadritas que desgraciadamente est\u00e1n bajo su mando\u2026c\u00e1lmate Dianitititita o te dar\u00e1n tu merecido!!<br \/>\nYA SE ARREGLA<br \/>\nSiguiendo con temas del Hospital, nos dicen que el que por fin agarro la onda y ya se ba\u00f1\u00f3, bueno, mejor dicho, se cambi\u00f3 la camisa cochinona y zarrapastrosa que tra\u00eda es el disque Ingeniero Ricardo el Ecoloco Ru\u00edz, porque la verdad dicen que le huye al agua y no \u201cma\u00f1a\u201d\u2026pues qu\u00e9 bueno que el Ecoloco ya le haya ca\u00eddo un poquito el 20\u2019 para que ya no de tanto miedo en su mal aspecto ahora nom\u00e1s falta que se ponga a jalar, que se le quite lo huev\u00f3n y lo tontejo\u2026no pues ta bueno el milagrito!!<br \/>\nEL CAMARON<br \/>\nY de nueva cuenta los compitas de las Plantas Combinadas nos piden mandar un saludo pero con m\u00fasica de viento al mentado sangre gorda de Nacho el Camar\u00f3n, antes Calamar, Repre de medio pelo del departamento\u2026pues nos dicen que el pelmazo este anda muy encabritado por la balconeada que le pegaron la semana pasada y jura con dar con quienes le dieron su quemadita para vengarse de ellos (auuuch, t\u00fa la traes Calamar), s\u00edganle!!<br \/>\nENVIDIA<br \/>\nDice el Camar\u00f3n-Calamar que si le tiraron es porque le tienen envidia, ya que \u00e9l hace muy bien las cosas y como tiene futuro pues por eso tratan de ensuciar su imagen y reputaci\u00f3n (auuuuch)\u2026y es que el crust\u00e1ceo sue\u00f1a con llegar al Comit\u00e9 Ejecutivo Local y a decir de \u00e9l el pr\u00f3ximo trienio lo lograra porque como \u00e9l no hay dos\u2026gracias a Dios!!<br \/>\nCORRUPTO<br \/>\nPues si es muy bueno como el mismo dice de \u00e9l, \u00bfporque las plazas de combinada 2 las est\u00e1 dejando descubiertas y ve primero por la combinada 1? all\u00e1 en combinada 1 todos se van de vacaciones en tiempo y forma y en combinada 2 no quiere cubrir porque no hay con quien\u2026 \u00bfser\u00e1 que en la 1 tiene a sus mayuyos o ser\u00e1 que ah\u00ed le dan sus moches? Sali\u00f3 corrupto el Calamar S\u00edganle!!<br \/>\nLLEVA Y TRAE<br \/>\nY pa acabarla de fregar sali\u00f3 Calamara el bato pues anda de lleva y trae con el ingeniero y va y quema a los compitas dizque para castigarlos, se da esas atribuciones porque \u00e9l dice que vino a enderezar a todo el departamento, (que se enderece \u00e9l) no defiende a nadie y le da la raz\u00f3n al ingeniero en todo, aparte que las aportaciones las estuvieron manejando a su antojo y en contubernio con el ingeniero Gera Carrillo, escogidos nada m\u00e1s porque son amigos o compadres de Nacho P\u00e9rez o del Inge Pepe To\u00f1o Ortiz\u2026y as\u00ed quiere ser funcionario sindical el mariquita este!!<br \/>\nArrivederchi!!<\/p>\n","protected":false},"excerpt":{"rendered":"<p>Por: El Repre FIESTAS DEL PETR\u00d3LEO Iniciamos esta columneja muy pero muy contentos pues ya estamos a nada de que den inicio las \u201cFiestas del Petr\u00f3leo 2020\u2026y es que el pr\u00f3ximo viernes 11 de marzo arrancaran las festividades en el Serapio Venegas con tremendo pachang\u00f3n que Rafael Faly Ortu\u00f1o ofrecer\u00e1 a todos sus agremiados en [&hellip;]<\/p>\n","protected":false},"author":9,"featured_media":159,"comment_status":"open","ping_status":"closed","sticky":false,"template":"","format":"standard","meta":{"footnotes":""},"categories":[1],"tags":[944],"class_list":["post-13645","post","type-post","status-publish","format-standard","has-post-thumbnail","hentry","category-noticias","tag-el-repre-el-quemador"],"_links":{"self":[{"href":"https:\/\/laultimapalabra.com.mx\/portal\/wp-json\/wp\/v2\/posts\/13645","targetHints":{"allow":["GET"]}}],"collection":[{"href":"https:\/\/laultimapalabra.com.mx\/portal\/wp-json\/wp\/v2\/posts"}],"about":[{"href":"https:\/\/laultimapalabra.com.mx\/portal\/wp-json\/wp\/v2\/types\/post"}],"author":[{"embeddable":true,"href":"https:\/\/laultimapalabra.com.mx\/portal\/wp-json\/wp\/v2\/users\/9"}],"replies":[{"embeddable":true,"href":"https:\/\/laultimapalabra.com.mx\/portal\/wp-json\/wp\/v2\/comments?post=13645"}],"version-history":[{"count":1,"href":"https:\/\/laultimapalabra.com.mx\/portal\/wp-json\/wp\/v2\/posts\/13645\/revisions"}],"predecessor-version":[{"id":70097,"href":"https:\/\/laultimapalabra.com.mx\/portal\/wp-json\/wp\/v2\/posts\/13645\/revisions\/70097"}],"wp:featuredmedia":[{"embeddable":true,"href":"https:\/\/laultimapalabra.com.mx\/portal\/wp-json\/"}],"wp:attachment":[{"href":"https:\/\/laultimapalabra.com.mx\/portal\/wp-json\/wp\/v2\/media?parent=13645"}],"wp:term":[{"taxonomy":"category","embeddable":true,"href":"https:\/\/laultimapalabra.com.mx\/portal\/wp-json\/wp\/v2\/categories?post=13645"},{"taxonomy":"post_tag","embeddable":true,"href":"https:\/\/laultimapalabra.com.mx\/portal\/wp-json\/wp\/v2\/tags?post=13645"}],"curies":[{"name":"wp","href":"https:\/\/api.w.org\/{rel}","templated":true}]}}