                       {"id":13649,"date":"2020-03-05T22:23:50","date_gmt":"2020-03-06T04:23:50","guid":{"rendered":"http:\/\/laultimapalabra.info\/?p=13649"},"modified":"2024-12-11T10:01:01","modified_gmt":"2024-12-11T16:01:01","slug":"usted-tiene-la-ultima-palabra-100","status":"publish","type":"post","link":"https:\/\/laultimapalabra.com.mx\/portal\/usted-tiene-la-ultima-palabra-100\/","title":{"rendered":"Usted tiene&#8230;.La \u00daltima Palabra"},"content":{"rendered":"<p><img loading=\"lazy\" decoding=\"async\" class=\"size-medium wp-image-390 alignleft\" src=\"https:\/\/laultimapalabra.com.mx\/portal\/wp-content\/uploads\/2018\/02\/28169846_1705449459476714_78449556_o-203x300.jpg\" alt=\"\" width=\"203\" height=\"300\" \/><strong>Violencia laboral<\/strong><\/p>\n<p>Por: Ing. Jes\u00fas Herrera R\u00e1bago<\/p>\n<p style=\"text-align: justify;\">Como lo escrib\u00ed, en este mismo espacio la semana pasada, estamos a unos d\u00edas de realizarse el d\u00eda sin mujeres, este pr\u00f3ximo lunes 9 de marzo. Ya mucha tinta ha corrido y muchas voces se han levantado a favor y en contra, sin embargo, lo m\u00e1s importante es que este movimiento ha despertado la \u201cconciencia\u201d sobre un tema muy importante.<br \/>\nEn esta l\u00ednea creo que los feminicidios es lo m\u00e1s impactante, matar a una mujer por su condici\u00f3n de mujer, debe ser rechazado en\u00e9rgicamente y como el mismo grito lo dice, no se debe permitir \u201cni una sola m\u00e1s\u201d.<br \/>\nSin embargo, de las diferentes aristas que puede abarcar el tema, la violencia f\u00edsica o psicol\u00f3gica, as\u00ed como el acoso tambi\u00e9n es denigrante y debe erradicarse, existe un tipo de violencia que sin ser tan visible, est\u00e1 presente en toda la sociedad, me refiero a la violencia laboral.<br \/>\nTristemente en todos los niveles existe, desde las empleadas dom\u00e9sticas hasta los grandes puestos directivos. Siendo realista, siempre pasa por la mente, cuando se va a contratar a una mujer, su estado civil y si tiene hijos; inmediatamente se piensa que si se enferma su hijo o hija pedir\u00e1 permiso, si se embaraza se tendr\u00e1 que ir varios meses.<br \/>\nY aunque la ley ya las protege y permite que tengan ciertas prestaciones, la primera violencia que sufren es la discriminaci\u00f3n para contratarla. En la pr\u00e1ctica, a\u00fan sin decirlo, el hecho de ser var\u00f3n da ventaja sobre las candidatas mujeres.<br \/>\nEl otro aspecto donde se violenta a las mujeres, es en el crecimiento profesional, si vemos muchas empresas o inclusive en muchas \u00e1reas de gobierno, la mayor\u00eda de los puestos directivos son hombres, y no porque sean m\u00e1s capaces, sino simplemente porque la situaci\u00f3n de esposa o madre, las va relegando.<br \/>\nPeor es el escenario de las madres solteras, que sufren una gran problem\u00e1tica para cuidar a sus hijos e ir al trabajo para conseguir el sustento necesario. Y todav\u00eda tener que encontrarse con la incomprensi\u00f3n y la inflexibilidad en muchos centros de trabajo.<br \/>\nEs cierto que ya se empieza hablar de horarios flexibles, del trabajo en casa (home office), sin embargo, todav\u00eda estamos muy lejos de llegar a ser una opci\u00f3n para las mujeres. Y entiendo que no es f\u00e1cil encontrar las formas, pero ah\u00ed es donde habr\u00e1 que invocar la creatividad y la empat\u00eda o crear nuevas formas de empleo en el que la mujer pueda desarrollarse y a la vez, cumplir con su vocaci\u00f3n de ser madres.<br \/>\nAs\u00ed las cosas, el 9M es un parteaguas valioso para replantear los paradigmas que han acompa\u00f1ado el trabajo de las mujeres. Por ello tan importante es denunciar los feminicidios que son impactantes, como los millones de violaciones laborales que d\u00eda a d\u00eda se da contra las mujeres.<br \/>\nEsta es mi opini\u00f3n, usted tiene La \u00daltima Palabra.<\/p>\n","protected":false},"excerpt":{"rendered":"<p>Violencia laboral Por: Ing. Jes\u00fas Herrera R\u00e1bago Como lo escrib\u00ed, en este mismo espacio la semana pasada, estamos a unos d\u00edas de realizarse el d\u00eda sin mujeres, este pr\u00f3ximo lunes 9 de marzo. Ya mucha tinta ha corrido y muchas voces se han levantado a favor y en contra, sin embargo, lo m\u00e1s importante es [&hellip;]<\/p>\n","protected":false},"author":9,"featured_media":390,"comment_status":"open","ping_status":"closed","sticky":false,"template":"","format":"standard","meta":{"footnotes":""},"categories":[1],"tags":[1278],"class_list":["post-13649","post","type-post","status-publish","format-standard","has-post-thumbnail","hentry","category-noticias","tag-ing-jesus-herrera-rabago"],"_links":{"self":[{"href":"https:\/\/laultimapalabra.com.mx\/portal\/wp-json\/wp\/v2\/posts\/13649","targetHints":{"allow":["GET"]}}],"collection":[{"href":"https:\/\/laultimapalabra.com.mx\/portal\/wp-json\/wp\/v2\/posts"}],"about":[{"href":"https:\/\/laultimapalabra.com.mx\/portal\/wp-json\/wp\/v2\/types\/post"}],"author":[{"embeddable":true,"href":"https:\/\/laultimapalabra.com.mx\/portal\/wp-json\/wp\/v2\/users\/9"}],"replies":[{"embeddable":true,"href":"https:\/\/laultimapalabra.com.mx\/portal\/wp-json\/wp\/v2\/comments?post=13649"}],"version-history":[{"count":1,"href":"https:\/\/laultimapalabra.com.mx\/portal\/wp-json\/wp\/v2\/posts\/13649\/revisions"}],"predecessor-version":[{"id":70101,"href":"https:\/\/laultimapalabra.com.mx\/portal\/wp-json\/wp\/v2\/posts\/13649\/revisions\/70101"}],"wp:featuredmedia":[{"embeddable":true,"href":"https:\/\/laultimapalabra.com.mx\/portal\/wp-json\/"}],"wp:attachment":[{"href":"https:\/\/laultimapalabra.com.mx\/portal\/wp-json\/wp\/v2\/media?parent=13649"}],"wp:term":[{"taxonomy":"category","embeddable":true,"href":"https:\/\/laultimapalabra.com.mx\/portal\/wp-json\/wp\/v2\/categories?post=13649"},{"taxonomy":"post_tag","embeddable":true,"href":"https:\/\/laultimapalabra.com.mx\/portal\/wp-json\/wp\/v2\/tags?post=13649"}],"curies":[{"name":"wp","href":"https:\/\/api.w.org\/{rel}","templated":true}]}}