                       {"id":13655,"date":"2020-03-06T07:01:18","date_gmt":"2020-03-06T13:01:18","guid":{"rendered":"http:\/\/laultimapalabra.info\/?p=13655"},"modified":"2024-12-11T10:01:01","modified_gmt":"2024-12-11T16:01:01","slug":"sufre-quinto-robo-escuela-justo-sierra","status":"publish","type":"post","link":"https:\/\/laultimapalabra.com.mx\/portal\/sufre-quinto-robo-escuela-justo-sierra\/","title":{"rendered":"Sufre quinto robo escuela Justo Sierra"},"content":{"rendered":"<p style=\"text-align: justify;\"><img loading=\"lazy\" decoding=\"async\" class=\"size-medium wp-image-13595 alignright\" src=\"https:\/\/laultimapalabra.com.mx\/portal\/wp-content\/uploads\/2020\/03\/robo-justo-sierra-1-300x169.jpeg\" alt=\"\" width=\"300\" height=\"169\" \/>CADEREYTA JIM\u00c9NEZ, N.L.-<br \/>\nA un par de d\u00edas de que el Secretario de Seguridad P\u00fablica Municipal, el comandante Roberto Jacinto Mart\u00ednez Peinado diera ordenes de quitar la unidad policiaca en las inmediaciones de la Escuela Primaria Justo Sierra y la Secundaria Emilio Rodr\u00edguez Cort\u00e9s, el d\u00eda de ayer dicha primaria fue visitada por los amantes de lo ajeno.<br \/>\nLa direcci\u00f3n de la Escuela Primaria fue saqueada por los delincuentes, quienes lograron llevarse computadoras, proyectores, bocinas y material did\u00e1ctico del mismo plantel, con un monto arriba de los 50 mil pesos, seg\u00fan lo inform\u00f3 Alejandro Mart\u00ednez Galv\u00e1n, director del plantel educativo.<br \/>\nEl directivo asegur\u00f3 que antes del robo, acudido a la Presidencia Municipal de Cadereyta para cuestionar que se haya retirado la vigilancia, inform\u00e1ndole que desconoc\u00edan el hecho.<br \/>\nCabe se\u00f1alar que en lo que va del presente ciclo escolar, este plantel educativo ha sido saqueado cinco veces, casi una vez por mes, terrible la situaci\u00f3n de inseguridad por la que se atraviesa.<\/p>\n","protected":false},"excerpt":{"rendered":"<p>CADEREYTA JIM\u00c9NEZ, N.L.- A un par de d\u00edas de que el Secretario de Seguridad P\u00fablica Municipal, el comandante Roberto Jacinto Mart\u00ednez Peinado diera ordenes de quitar la unidad policiaca en las inmediaciones de la Escuela Primaria Justo Sierra y la Secundaria Emilio Rodr\u00edguez Cort\u00e9s, el d\u00eda de ayer dicha primaria fue visitada por los amantes [&hellip;]<\/p>\n","protected":false},"author":9,"featured_media":13596,"comment_status":"open","ping_status":"closed","sticky":false,"template":"","format":"standard","meta":{"footnotes":""},"categories":[17],"tags":[1858,2039],"class_list":["post-13655","post","type-post","status-publish","format-standard","has-post-thumbnail","hentry","category-locales-cadereyta","tag-primaria-justo-sierra","tag-robos-cadereyta"],"_links":{"self":[{"href":"https:\/\/laultimapalabra.com.mx\/portal\/wp-json\/wp\/v2\/posts\/13655","targetHints":{"allow":["GET"]}}],"collection":[{"href":"https:\/\/laultimapalabra.com.mx\/portal\/wp-json\/wp\/v2\/posts"}],"about":[{"href":"https:\/\/laultimapalabra.com.mx\/portal\/wp-json\/wp\/v2\/types\/post"}],"author":[{"embeddable":true,"href":"https:\/\/laultimapalabra.com.mx\/portal\/wp-json\/wp\/v2\/users\/9"}],"replies":[{"embeddable":true,"href":"https:\/\/laultimapalabra.com.mx\/portal\/wp-json\/wp\/v2\/comments?post=13655"}],"version-history":[{"count":1,"href":"https:\/\/laultimapalabra.com.mx\/portal\/wp-json\/wp\/v2\/posts\/13655\/revisions"}],"predecessor-version":[{"id":70105,"href":"https:\/\/laultimapalabra.com.mx\/portal\/wp-json\/wp\/v2\/posts\/13655\/revisions\/70105"}],"wp:featuredmedia":[{"embeddable":true,"href":"https:\/\/laultimapalabra.com.mx\/portal\/wp-json\/"}],"wp:attachment":[{"href":"https:\/\/laultimapalabra.com.mx\/portal\/wp-json\/wp\/v2\/media?parent=13655"}],"wp:term":[{"taxonomy":"category","embeddable":true,"href":"https:\/\/laultimapalabra.com.mx\/portal\/wp-json\/wp\/v2\/categories?post=13655"},{"taxonomy":"post_tag","embeddable":true,"href":"https:\/\/laultimapalabra.com.mx\/portal\/wp-json\/wp\/v2\/tags?post=13655"}],"curies":[{"name":"wp","href":"https:\/\/api.w.org\/{rel}","templated":true}]}}