                       {"id":13717,"date":"2020-03-09T16:36:48","date_gmt":"2020-03-09T22:36:48","guid":{"rendered":"http:\/\/laultimapalabra.info\/?p=13717"},"modified":"2024-12-11T10:01:02","modified_gmt":"2024-12-11T16:01:02","slug":"celebran-dia-del-patrimonio-cultural-y-reconocen-a-grandes-mujeres-en-juarez","status":"publish","type":"post","link":"https:\/\/laultimapalabra.com.mx\/portal\/celebran-dia-del-patrimonio-cultural-y-reconocen-a-grandes-mujeres-en-juarez\/","title":{"rendered":"Celebran D\u00eda del Patrimonio Cultural y reconocen a grandes mujeres en Ju\u00e1rez"},"content":{"rendered":"<p style=\"text-align: justify;\">\u00a0<img loading=\"lazy\" decoding=\"async\" class=\"size-medium wp-image-13693 alignright\" src=\"https:\/\/laultimapalabra.com.mx\/portal\/wp-content\/uploads\/2020\/03\/WhatsApp-Image-2020-03-09-at-1.43.21-PM-300x169.jpeg\" alt=\"\" width=\"300\" height=\"169\" \/>Ju\u00e1rez, N. L.- El d\u00eda de ayer se festej\u00f3 en Ju\u00e1rez el D\u00eda del Patrimonio Cultural, donde se organiz\u00f3 un evento en el Auditorio Municipal Benito Ju\u00e1rez por parte de la Direcci\u00f3n de Cultura encabezada por Blanca Elia Vargas en coordinaci\u00f3n con el Instituto Municipal de las Mujeres y su directora la licenciada Rosario Saenz Alvizo que se convirti\u00f3 en una fiesta gastron\u00f3mica y art\u00edstica donde los presentes adem\u00e1s de degustar el platillo tradicional en el municipio, los tamales; pudieron recrearse presenciando actuaciones de cantantes y bailarines.<\/p>\n<p style=\"text-align: justify;\"><img loading=\"lazy\" decoding=\"async\" class=\"size-medium wp-image-13690 alignleft\" src=\"https:\/\/laultimapalabra.com.mx\/portal\/wp-content\/uploads\/2020\/03\/WhatsApp-Image-2020-03-09-at-1.43.20-PM-1-300x169.jpeg\" alt=\"\" width=\"300\" height=\"169\" \/>Asimismo, se hizo entrega de un homenaje a dos grandes mujeres de la localidad como lo son la maestra Olivia Mancha por ser la primer regidora mujer en esta ciudad y por su gran trayectoria dentro de la docencia, participando en la formaci\u00f3n acad\u00e9mica de empresarios y actuales pol\u00edticos de esta ciudad.<\/p>\n<p style=\"text-align: justify;\">Y tambi\u00e9n se reconoci\u00f3 a Lilia Guzm\u00e1n Aguirre, quien fuera la primer tesorera del DIF Municipal en Ju\u00e1rez y la \u00fanica mujer en ocupar en la historia de Ju\u00e1rez, N.L. el cargo como Presidente Municipal suplente.<\/p>\n","protected":false},"excerpt":{"rendered":"<p>\u00a0Ju\u00e1rez, N. L.- El d\u00eda de ayer se festej\u00f3 en Ju\u00e1rez el D\u00eda del Patrimonio Cultural, donde se organiz\u00f3 un evento en el Auditorio Municipal Benito Ju\u00e1rez por parte de la Direcci\u00f3n de Cultura encabezada por Blanca Elia Vargas en coordinaci\u00f3n con el Instituto Municipal de las Mujeres y su directora la licenciada Rosario Saenz [&hellip;]<\/p>\n","protected":false},"author":9,"featured_media":13692,"comment_status":"open","ping_status":"closed","sticky":false,"template":"","format":"standard","meta":{"footnotes":""},"categories":[18],"tags":[2362,1245,2394],"class_list":["post-13717","post","type-post","status-publish","format-standard","has-post-thumbnail","hentry","category-locales-juarez","tag-dia-del-patrimonio-cultural","tag-imm-juarez","tag-rosario-saenz"],"_links":{"self":[{"href":"https:\/\/laultimapalabra.com.mx\/portal\/wp-json\/wp\/v2\/posts\/13717","targetHints":{"allow":["GET"]}}],"collection":[{"href":"https:\/\/laultimapalabra.com.mx\/portal\/wp-json\/wp\/v2\/posts"}],"about":[{"href":"https:\/\/laultimapalabra.com.mx\/portal\/wp-json\/wp\/v2\/types\/post"}],"author":[{"embeddable":true,"href":"https:\/\/laultimapalabra.com.mx\/portal\/wp-json\/wp\/v2\/users\/9"}],"replies":[{"embeddable":true,"href":"https:\/\/laultimapalabra.com.mx\/portal\/wp-json\/wp\/v2\/comments?post=13717"}],"version-history":[{"count":1,"href":"https:\/\/laultimapalabra.com.mx\/portal\/wp-json\/wp\/v2\/posts\/13717\/revisions"}],"predecessor-version":[{"id":70127,"href":"https:\/\/laultimapalabra.com.mx\/portal\/wp-json\/wp\/v2\/posts\/13717\/revisions\/70127"}],"wp:featuredmedia":[{"embeddable":true,"href":"https:\/\/laultimapalabra.com.mx\/portal\/wp-json\/"}],"wp:attachment":[{"href":"https:\/\/laultimapalabra.com.mx\/portal\/wp-json\/wp\/v2\/media?parent=13717"}],"wp:term":[{"taxonomy":"category","embeddable":true,"href":"https:\/\/laultimapalabra.com.mx\/portal\/wp-json\/wp\/v2\/categories?post=13717"},{"taxonomy":"post_tag","embeddable":true,"href":"https:\/\/laultimapalabra.com.mx\/portal\/wp-json\/wp\/v2\/tags?post=13717"}],"curies":[{"name":"wp","href":"https:\/\/api.w.org\/{rel}","templated":true}]}}