                       {"id":13753,"date":"2020-03-11T14:58:53","date_gmt":"2020-03-11T20:58:53","guid":{"rendered":"http:\/\/laultimapalabra.info\/?p=13753"},"modified":"2024-12-11T10:01:02","modified_gmt":"2024-12-11T16:01:02","slug":"ejecutan-a-hombre-afuera-de-bar","status":"publish","type":"post","link":"https:\/\/laultimapalabra.com.mx\/portal\/ejecutan-a-hombre-afuera-de-bar\/","title":{"rendered":"Ejecutan a hombre afuera de bar"},"content":{"rendered":"<p style=\"text-align: justify;\">La zona fue acordonada por polic\u00edas municipales y agentes ministeriales que iniciaron con las investigaciones de la ejecuci\u00f3n. Foto: Iv\u00e1n Mata<\/p>\n<p style=\"text-align: justify;\"><img loading=\"lazy\" decoding=\"async\" class=\"size-medium wp-image-13754 alignright\" src=\"https:\/\/laultimapalabra.com.mx\/portal\/wp-content\/uploads\/2020\/03\/ejecutado-bar-cadereyta-300x200.jpg\" alt=\"\" width=\"300\" height=\"200\" \/>Cadereyta Jim\u00e9nez, N. L.- Un hombre fue ejecutado esta madrugada afuera de un bar, en el Centro de Cadereyta.<\/p>\n<p style=\"text-align: justify;\">La v\u00edctima fue identificada como Dante Ibarra, de 24 a\u00f1os, quien qued\u00f3 tirado en la banqueta, frente al acceso del Bar El Nuevo Caracol.<\/p>\n<p style=\"text-align: justify;\">Una fuente policiaca dijo que el hombre recibi\u00f3 al menos cinco impactos de bala, dos de \u00e9stos en la cabeza.<\/p>\n<p style=\"text-align: justify;\">El ataque fue cerca de las 0:20 horas en el negocio ubicado en el cruce de Matamoros y Francisco I. Madero.<\/p>\n<p style=\"text-align: justify;\">El informante explic\u00f3 que testigos refirieron que el hombre estaba dentro del bar y que se sali\u00f3 por la puerta principal.<\/p>\n<p style=\"text-align: justify;\">Durante las diligencias se estableci\u00f3 que un hombre se acerc\u00f3 a \u00e9l luego de bajarse de un auto en el que otra persona lo esperaba y que estacion\u00f3 a unos metros.<\/p>\n<p style=\"text-align: justify;\">Se inform\u00f3 que el agresor sac\u00f3 una pistola y le dispar\u00f3 a corta distancia a la v\u00edctima.<\/p>\n<p style=\"text-align: justify;\">La fuente coment\u00f3 que el cuerpo qued\u00f3 tirado afuera del bar, detr\u00e1s de un peque\u00f1o muro de concreto que delimita la banqueta y la calle.<\/p>\n<p style=\"text-align: justify;\">Se inform\u00f3 que el ejecutado era el objetivo del pistolero porque los disparos iban dirigidos hacia \u00e9l.<\/p>\n<p style=\"text-align: justify;\">No se apreciaron orificios de bala en la barda o en la fachada del bar, agreg\u00f3 el informante.<\/p>\n<p style=\"text-align: justify;\">Param\u00e9dicos de Protecci\u00f3n Civil de Cadereyta llegaron, pero confirmaron que la persona no presentaba signos de vida.<\/p>\n<p style=\"text-align: justify;\">La zona fue acordonada por polic\u00edas municipales y agentes ministeriales que iniciaron con las investigaciones de la ejecuci\u00f3n.<\/p>\n<p>FUENTE: EL NORTE<\/p>\n<p>&nbsp;<\/p>\n","protected":false},"excerpt":{"rendered":"<p>La zona fue acordonada por polic\u00edas municipales y agentes ministeriales que iniciaron con las investigaciones de la ejecuci\u00f3n. Foto: Iv\u00e1n Mata Cadereyta Jim\u00e9nez, N. L.- Un hombre fue ejecutado esta madrugada afuera de un bar, en el Centro de Cadereyta. La v\u00edctima fue identificada como Dante Ibarra, de 24 a\u00f1os, quien qued\u00f3 tirado en la [&hellip;]<\/p>\n","protected":false},"author":9,"featured_media":13754,"comment_status":"open","ping_status":"closed","sticky":false,"template":"","format":"standard","meta":{"footnotes":""},"categories":[8,9],"tags":[926],"class_list":["post-13753","post","type-post","status-publish","format-standard","has-post-thumbnail","hentry","category-seguridad","category-seguridad-cadereyta","tag-ejecutados-cadereyta"],"_links":{"self":[{"href":"https:\/\/laultimapalabra.com.mx\/portal\/wp-json\/wp\/v2\/posts\/13753","targetHints":{"allow":["GET"]}}],"collection":[{"href":"https:\/\/laultimapalabra.com.mx\/portal\/wp-json\/wp\/v2\/posts"}],"about":[{"href":"https:\/\/laultimapalabra.com.mx\/portal\/wp-json\/wp\/v2\/types\/post"}],"author":[{"embeddable":true,"href":"https:\/\/laultimapalabra.com.mx\/portal\/wp-json\/wp\/v2\/users\/9"}],"replies":[{"embeddable":true,"href":"https:\/\/laultimapalabra.com.mx\/portal\/wp-json\/wp\/v2\/comments?post=13753"}],"version-history":[{"count":1,"href":"https:\/\/laultimapalabra.com.mx\/portal\/wp-json\/wp\/v2\/posts\/13753\/revisions"}],"predecessor-version":[{"id":70137,"href":"https:\/\/laultimapalabra.com.mx\/portal\/wp-json\/wp\/v2\/posts\/13753\/revisions\/70137"}],"wp:featuredmedia":[{"embeddable":true,"href":"https:\/\/laultimapalabra.com.mx\/portal\/wp-json\/"}],"wp:attachment":[{"href":"https:\/\/laultimapalabra.com.mx\/portal\/wp-json\/wp\/v2\/media?parent=13753"}],"wp:term":[{"taxonomy":"category","embeddable":true,"href":"https:\/\/laultimapalabra.com.mx\/portal\/wp-json\/wp\/v2\/categories?post=13753"},{"taxonomy":"post_tag","embeddable":true,"href":"https:\/\/laultimapalabra.com.mx\/portal\/wp-json\/wp\/v2\/tags?post=13753"}],"curies":[{"name":"wp","href":"https:\/\/api.w.org\/{rel}","templated":true}]}}